{"id":372244,"date":"2016-01-04T12:57:00","date_gmt":"2016-01-04T09:57:00","guid":{"rendered":"https:\/\/analyse.optim.biz\/?p=372244"},"modified":"2016-01-04T12:57:00","modified_gmt":"2016-01-04T09:57:00","slug":"jobbik-cere-audierea-ambasadorului-roman-privind-actiuni-contra-maghiarilor-din-tinutul-secuiesc","status":"publish","type":"post","link":"https:\/\/analyse.optim.biz\/?p=372244","title":{"rendered":"Jobbik cere audierea ambasadorului rom\u00e2n privind ac\u0163iuni contra maghiarilor din \u0162inutul Secuiesc"},"content":{"rendered":"<div class=\"description\" data-key=\"description\">Partidul na\u0163ionalist radical Jobbik din Ungaria a cerut Parlamentului s\u0103 r\u0103spund\u0103 la ac\u0163iunile autorit\u0103\u0163ilor rom\u00e2ne \u00eempotriva maghiarilor din \u0162inutul Secuiesc, pe care le consider\u0103 &#8220;anti-maghiare&#8221; \u015fi &#8220;ilegale&#8221;, convoc\u00e2ndu-l pe ambasadorul Rom\u00e2niei la Budapesta<\/div>\n<div class=\"articleBody\" data-key=\"articleBody\">Partidul na\u0163ionalist radical Jobbik din Ungaria a cerut Parlamentului s\u0103 r\u0103spund\u0103 la ac\u0163iunile autorit\u0103\u0163ilor rom\u00e2ne \u00eempotriva maghiarilor din \u0162inutul Secuiesc, pe care le consider\u0103 &#8220;anti-maghiare&#8221; \u015fi &#8220;ilegale&#8221;, convoc\u00e2ndu-l pe ambasadorul Rom\u00e2niei la Budapesta<br \/>\nGabor Vona, liderul partidului Jobbik, a afirmat s\u00e2mb\u0103t\u0103 c\u0103 a cerut ca ambasadorul rom\u00e2n s\u0103 fie audiat \u00eentr-o sesiune comun\u0103 a Comisiilor de Afaceri Externe \u015fi Coeziune Na\u0163ional\u0103 din Parlamentul ungar, \u00een leg\u0103tur\u0103 cu o &#8220;serie de ac\u0163iuni politice ilegale anti-maghiare, bazate pe intimidare&#8221;, \u00eempotriva maghiarilor care tr\u0103iesc \u00een \u0162inutul Secuiesc.<br \/>\nVona a precizat c\u0103 Guvernul ungar \u015fi diploma\u0163ia au t\u0103cut \u00een leg\u0103tur\u0103 cu &#8220;abuzul de putere&#8221; al autorit\u0103\u0163ilor rom\u00e2ne \u015fi cu &#8220;\u00eenc\u0103lcarea grosolan\u0103&#8221; a drepturilor colective ale comunit\u0103\u0163ii maghiare.<\/p>\n<p>El a ad\u0103ugat c\u0103 arestarea nejustificat\u0103 a liderului Mi\u015fc\u0103rii de Tineret 64 de Comitate din T\u00e2rgu Secuiesc, Istvan Beke, \u015fi &#8220;h\u0103r\u0163uirea&#8221; mai multor grupuri maghiare din regiune de c\u0103tre autorit\u0103\u0163i &#8220;nu pot r\u0103m\u00e2ne f\u0103r\u0103 r\u0103spuns&#8221; din partea Ungariei.<br \/>\nBeke Istvan a fost arestat la 1 decembrie, fiind acuzat c\u0103 ar fi pl\u0103nuit s\u0103 confec\u0163ioneze \u015fi s\u0103 detoneze un dispozitiv exploziv la T\u00e2rgu Secuiesc cu ocazia manifest\u0103rilor de Ziua Na\u0163ional\u0103.<br \/>\n&#8220;Mi\u015fcarea de Tineret 64 de Comitate&#8221; (Hatvann\u00e9gy V\u00e1rmegye Ifj\u00fas\u00e1gi Mozgalom &#8211; HVIM) este o grupare ungar\u0103 de extrem\u0103-dreapta care militeaz\u0103 pentru unificarea comunit\u0103\u0163ilor maghiare din afara Ungariei \u015fi pentru revizuirea Tratatului Trianon, din anul 1920. Titulatura organiza\u0163iei radicale se refer\u0103 la Ungaria Mare, care avea 64 de districte.<\/p>\n<p>Mi\u015fcarea radical\u0103 a avertizat c\u0103, din cauza &#8220;calomniilor absurde&#8221; ale autorit\u0103\u0163ilor rom\u00e2ne, se va adresa tribunalelor interna\u0163ionale, presei interna\u0163ionale \u015fi organiza\u0163iilor pentru drepturile omului.<br \/>\nSursa: Mediafax.ro<\/p><\/div>\n<p> Source URL: https:\/\/observatornews.ro\/politic\/jobbik-cere-audierea-ambasadorului-roman-privind-actiuni-contra-maghiarilor-din-tinutul-secuiesc-170723.html<\/p>\n","protected":false},"excerpt":{"rendered":"<p>Partidul na\u0163ionalist radical Jobbik din Ungaria a cerut Parlamentului s\u0103 r\u0103spund\u0103 la ac\u0163iunile autorit\u0103\u0163ilor rom\u00e2ne \u00eempotriva maghiarilor din \u0162inutul Secuiesc, pe care le consider\u0103 &#8220;anti-maghiare&#8221; \u015fi &#8220;ilegale&#8221;, convoc\u00e2ndu-l pe ambasadorul Rom\u00e2niei la Budapesta Partidul na\u0163ionalist radical Jobbik din Ungaria a cerut Parlamentului s\u0103 r\u0103spund\u0103 la ac\u0163iunile autorit\u0103\u0163ilor rom\u00e2ne \u00eempotriva maghiarilor din \u0162inutul Secuiesc, pe care [&hellip;]<\/p>\n","protected":false},"author":1,"featured_media":0,"comment_status":"open","ping_status":"","sticky":false,"template":"","format":"standard","meta":{"footnotes":""},"categories":[2],"tags":[30],"class_list":["post-372244","post","type-post","status-publish","format-standard","hentry","category-politics","tag-observatornews-ro"],"_links":{"self":[{"href":"https:\/\/analyse.optim.biz\/index.php?rest_route=\/wp\/v2\/posts\/372244","targetHints":{"allow":["GET"]}}],"collection":[{"href":"https:\/\/analyse.optim.biz\/index.php?rest_route=\/wp\/v2\/posts"}],"about":[{"href":"https:\/\/analyse.optim.biz\/index.php?rest_route=\/wp\/v2\/types\/post"}],"author":[{"embeddable":true,"href":"https:\/\/analyse.optim.biz\/index.php?rest_route=\/wp\/v2\/users\/1"}],"replies":[{"embeddable":true,"href":"https:\/\/analyse.optim.biz\/index.php?rest_route=%2Fwp%2Fv2%2Fcomments&post=372244"}],"version-history":[{"count":0,"href":"https:\/\/analyse.optim.biz\/index.php?rest_route=\/wp\/v2\/posts\/372244\/revisions"}],"wp:attachment":[{"href":"https:\/\/analyse.optim.biz\/index.php?rest_route=%2Fwp%2Fv2%2Fmedia&parent=372244"}],"wp:term":[{"taxonomy":"category","embeddable":true,"href":"https:\/\/analyse.optim.biz\/index.php?rest_route=%2Fwp%2Fv2%2Fcategories&post=372244"},{"taxonomy":"post_tag","embeddable":true,"href":"https:\/\/analyse.optim.biz\/index.php?rest_route=%2Fwp%2Fv2%2Ftags&post=372244"}],"curies":[{"name":"wp","href":"https:\/\/api.w.org\/{rel}","templated":true}]}}