{"id":372114,"date":"2016-01-08T08:05:00","date_gmt":"2016-01-08T05:05:00","guid":{"rendered":"https:\/\/analyse.optim.biz\/?p=372114"},"modified":"2016-01-08T08:05:00","modified_gmt":"2016-01-08T05:05:00","slug":"mircea-basescu-va-ataca-sentinta-data-de-tribunalul-constanta","status":"publish","type":"post","link":"https:\/\/analyse.optim.biz\/?p=372114","title":{"rendered":"Mircea B\u0103sescu va ataca sentin\u021ba dat\u0103 de Tribunalul Constan\u021ba"},"content":{"rendered":"<div class=\"description\" data-key=\"description\">Mircea B\u0103sescu, fratele fostului pre\u0219edinte Traian B\u0103sescu, s-a declarat surprins de sentin\u021ba de condamnare la patru ani de \u00eenchisoare cu executare pronun\u021bat\u0103 vineri diminea\u021b\u0103, \u00een prim\u0103 instan\u021b\u0103, de Tribunalul Constan\u021ba, \u00een dosarul \u00een care sunt implica\u021bi membrii familiei lui Bercea Mondial<\/div>\n<div class=\"articleBody\" data-key=\"articleBody\">Mircea B\u0103sescu, fratele fostului pre\u0219edinte Traian B\u0103sescu, s-a declarat surprins de sentin\u021ba de condamnare la patru ani de \u00eenchisoare cu executare pronun\u021bat\u0103 vineri diminea\u021b\u0103, \u00een prim\u0103 instan\u021b\u0103, de Tribunalul Constan\u021ba, \u00een dosarul \u00een care sunt implica\u021bi membrii familiei lui Bercea Mondial<br \/>\n&#8220;M\u0103rturisesc c\u0103 m\u0103 surprinde decizia \u00een prim\u0103 instan\u021b\u0103 a judec\u0103torilor de la Tribunalul Constan\u021ba, dar asta este. E o sentin\u021b\u0103 pronun\u021bat\u0103 de instan\u021b\u0103 \u0219i o respect\u0103m \u0219i evident o vom ataca cu apel la instan\u021ba superioar\u0103. \u00cen rest, efectiv sunt stupefiat pentru c\u0103 Bercea \u0219i familia lui nu a spus niciodat\u0103, pe parcursul anchetelor \u0219i al audierilor \u00een instan\u021b\u0103, c\u0103 mi-a dat mie banii, ci lui Marian C\u0103p\u0103\u021b\u00e2n\u0103. C\u0103p\u0103\u021b\u00e2n\u0103, la r\u00e2ndul lui a recunoscut \u00eentr-o prim\u0103 parte a procesului c\u0103 a primit banii. C\u00e2\u021bi bani au fost nu a reie\u0219it niciodat\u0103 clar din declara\u021biile familiei Bercea. C\u00e2nd s-a vorbit despre 600. 000 de dolari, c\u00e2nd 700. 000 sau chiar un milion de dolari. Apoi C\u0103p\u0103\u021b\u00e2n\u0103 \u0219i-a schimbat declara\u021bia \u0219i am ajuns acum eu s\u0103 fiu condamnat pentru trafic de influen\u021b\u0103. Este o sentin\u021b\u0103 pe care o voi ataca, dar nu pot \u00een cugetul meu s\u0103 fiu \u00eemp\u0103cat \u0219i s\u0103 spun c\u0103 s-a f\u0103cut dreptate, dup\u0103 cum am ar\u0103tat&#8221;, a declarat Mircea B\u0103sescu \u00een exclusivitate pentru AGERPRES.<br \/>\nMagistra\u021bii Tribunalului Constan\u021ba au decis, vineri, condamnarea lui Mircea B\u0103sescu la 4 ani de \u00eenchisoare cu executare pentru trafic de influen\u021b\u0103 \u0219i a lui Marian C\u0103p\u0103\u021b\u00e2n\u0103 la 3 ani de deten\u021bie pentru complicitate la trafic de influen\u021b\u0103, \u00een dosarul \u00een care sunt implica\u021bi membrii familiei lui Bercea Mondial.<\/div>\n<p> Source URL: https:\/\/observatornews.ro\/politic\/mircea-basescu-va-ataca-sentina-data-de-tribunalul-constana-171119.html<\/p>\n","protected":false},"excerpt":{"rendered":"<p>Mircea B\u0103sescu, fratele fostului pre\u0219edinte Traian B\u0103sescu, s-a declarat surprins de sentin\u021ba de condamnare la patru ani de \u00eenchisoare cu executare pronun\u021bat\u0103 vineri diminea\u021b\u0103, \u00een prim\u0103 instan\u021b\u0103, de Tribunalul Constan\u021ba, \u00een dosarul \u00een care sunt implica\u021bi membrii familiei lui Bercea Mondial Mircea B\u0103sescu, fratele fostului pre\u0219edinte Traian B\u0103sescu, s-a declarat surprins de sentin\u021ba de condamnare [&hellip;]<\/p>\n","protected":false},"author":1,"featured_media":0,"comment_status":"open","ping_status":"","sticky":false,"template":"","format":"standard","meta":{"footnotes":""},"categories":[2],"tags":[30],"class_list":["post-372114","post","type-post","status-publish","format-standard","hentry","category-politics","tag-observatornews-ro"],"_links":{"self":[{"href":"https:\/\/analyse.optim.biz\/index.php?rest_route=\/wp\/v2\/posts\/372114","targetHints":{"allow":["GET"]}}],"collection":[{"href":"https:\/\/analyse.optim.biz\/index.php?rest_route=\/wp\/v2\/posts"}],"about":[{"href":"https:\/\/analyse.optim.biz\/index.php?rest_route=\/wp\/v2\/types\/post"}],"author":[{"embeddable":true,"href":"https:\/\/analyse.optim.biz\/index.php?rest_route=\/wp\/v2\/users\/1"}],"replies":[{"embeddable":true,"href":"https:\/\/analyse.optim.biz\/index.php?rest_route=%2Fwp%2Fv2%2Fcomments&post=372114"}],"version-history":[{"count":0,"href":"https:\/\/analyse.optim.biz\/index.php?rest_route=\/wp\/v2\/posts\/372114\/revisions"}],"wp:attachment":[{"href":"https:\/\/analyse.optim.biz\/index.php?rest_route=%2Fwp%2Fv2%2Fmedia&parent=372114"}],"wp:term":[{"taxonomy":"category","embeddable":true,"href":"https:\/\/analyse.optim.biz\/index.php?rest_route=%2Fwp%2Fv2%2Fcategories&post=372114"},{"taxonomy":"post_tag","embeddable":true,"href":"https:\/\/analyse.optim.biz\/index.php?rest_route=%2Fwp%2Fv2%2Ftags&post=372114"}],"curies":[{"name":"wp","href":"https:\/\/api.w.org\/{rel}","templated":true}]}}