{"id":372113,"date":"2016-01-08T09:21:00","date_gmt":"2016-01-08T06:21:00","guid":{"rendered":"https:\/\/analyse.optim.biz\/?p=372113"},"modified":"2016-01-08T09:21:00","modified_gmt":"2016-01-08T06:21:00","slug":"ce-spune-traian-basescu-despre-decizia-in-dosarul-fratelui-sau","status":"publish","type":"post","link":"https:\/\/analyse.optim.biz\/?p=372113","title":{"rendered":"Ce spune Traian B\u0103sescu despre decizia \u00een dosarul fratelui s\u0103u"},"content":{"rendered":"<div class=\"description\" data-key=\"description\">Fostul pre\u015fedinte Traian B\u0103sescu a declarat, vineri c\u0103 fratele s\u0103u, Mircea B\u0103sescu, a primit \u201eo condamnare grea\u201d, \u00een condi\u0163iile \u00een care a sus\u0163inut c\u0103 nu a luat niciodat\u0103 bani<\/div>\n<div class=\"articleBody\" data-key=\"articleBody\">Fostul pre\u015fedinte Traian B\u0103sescu a declarat, vineri, c\u0103 fratele s\u0103u, Mircea B\u0103sescu, a primit \u201eo condamnare grea\u201d, \u00een condi\u0163iile \u00een care a sus\u0163inut c\u0103 nu a luat niciodat\u0103 bani, afirm\u00e2nd c\u0103 fratele trebuie s\u0103 respecte decizia tribunalului \u015fi s\u0103 recurg\u0103 la c\u0103ile legale de atac.\u00a0<br \/>\nEste o condamnare grea, \u00een condi\u0163iile \u00een care fratele meu sus\u0163ine c\u0103 nu a luat niciodat\u0103 bani \u015fi a\u015fa au \u015fi fost declara\u0163iile \u00een faz\u0103 ini\u0163ial\u0103, pe urm\u0103 s-au modificat. Trebuie s\u0103 respecte decizia tribunalului \u015fi s\u0103 exercite c\u0103ile de atac legale, apel la aceast\u0103 decizie c\u0103tre Curtea de Apel&#8221;, a declarat, pentru MEDIAFAX, fostul pre\u015fedinte Traian B\u0103sescu.<br \/>\nTraian B\u0103sescu a precizat c\u0103 nu \u015ftie dac\u0103 avoca\u0163ii fratelui s\u0103u, Mircea B\u0103sescu, au \u00eenceput demersurile necesare pentru a ataca decizia primei instan\u0163e.<br \/>\n&#8220;Nu cred c\u0103 p\u00e2n\u0103 c\u00e2nd apare tot documentul, motivarea se poate face acest lucru&#8221;, a mai spus Traian B\u0103sescu.<\/p>\n<p>Mircea B\u0103sescu, fratele fostului pre\u015fedinte Traian B\u0103sescu, spune c\u0103 nu se a\u015ftepta s\u0103 fie condamnat la \u00eenchisoare pentru c\u0103 se consider\u0103 nevinovat, el sus\u0163in\u00e2nd c\u0103 va ataca cu apel decizia Tribunalului Constan\u0163a.<br \/>\nMircea B\u0103sescu a fost condamnat, vineri, la patru ani de \u00eenchisoare cu executare, pentru trafic de influen\u0163\u0103, \u00een dosarul privind mita pe care ar fi luat-o de la familia lui Sandu Anghel, iar Marian C\u0103p\u0103\u0163\u00e2n\u0103 a primit o pedeaps\u0103 de trei ani de \u00eenchisoare, pentru complicitate la trafic de influen\u0163\u0103.<br \/>\nDecizia instan\u0163ei nu este definitiv\u0103 \u015fi poate fi contestat\u0103 la Curtea de Apel Constan\u0163a, \u00een termen de zece zile de la comunicare.<\/p><\/div>\n<p> Source URL: https:\/\/observatornews.ro\/politic\/ce-spune-traian-basescu-despre-decizia-in-dosarul-fratelui-sau-171127.html<\/p>\n","protected":false},"excerpt":{"rendered":"<p>Fostul pre\u015fedinte Traian B\u0103sescu a declarat, vineri c\u0103 fratele s\u0103u, Mircea B\u0103sescu, a primit \u201eo condamnare grea\u201d, \u00een condi\u0163iile \u00een care a sus\u0163inut c\u0103 nu a luat niciodat\u0103 bani Fostul pre\u015fedinte Traian B\u0103sescu a declarat, vineri, c\u0103 fratele s\u0103u, Mircea B\u0103sescu, a primit \u201eo condamnare grea\u201d, \u00een condi\u0163iile \u00een care a sus\u0163inut c\u0103 nu a [&hellip;]<\/p>\n","protected":false},"author":1,"featured_media":0,"comment_status":"open","ping_status":"","sticky":false,"template":"","format":"standard","meta":{"footnotes":""},"categories":[2],"tags":[30],"class_list":["post-372113","post","type-post","status-publish","format-standard","hentry","category-politics","tag-observatornews-ro"],"_links":{"self":[{"href":"https:\/\/analyse.optim.biz\/index.php?rest_route=\/wp\/v2\/posts\/372113","targetHints":{"allow":["GET"]}}],"collection":[{"href":"https:\/\/analyse.optim.biz\/index.php?rest_route=\/wp\/v2\/posts"}],"about":[{"href":"https:\/\/analyse.optim.biz\/index.php?rest_route=\/wp\/v2\/types\/post"}],"author":[{"embeddable":true,"href":"https:\/\/analyse.optim.biz\/index.php?rest_route=\/wp\/v2\/users\/1"}],"replies":[{"embeddable":true,"href":"https:\/\/analyse.optim.biz\/index.php?rest_route=%2Fwp%2Fv2%2Fcomments&post=372113"}],"version-history":[{"count":0,"href":"https:\/\/analyse.optim.biz\/index.php?rest_route=\/wp\/v2\/posts\/372113\/revisions"}],"wp:attachment":[{"href":"https:\/\/analyse.optim.biz\/index.php?rest_route=%2Fwp%2Fv2%2Fmedia&parent=372113"}],"wp:term":[{"taxonomy":"category","embeddable":true,"href":"https:\/\/analyse.optim.biz\/index.php?rest_route=%2Fwp%2Fv2%2Fcategories&post=372113"},{"taxonomy":"post_tag","embeddable":true,"href":"https:\/\/analyse.optim.biz\/index.php?rest_route=%2Fwp%2Fv2%2Ftags&post=372113"}],"curies":[{"name":"wp","href":"https:\/\/api.w.org\/{rel}","templated":true}]}}