{"id":372112,"date":"2016-01-08T10:38:00","date_gmt":"2016-01-08T07:38:00","guid":{"rendered":"https:\/\/analyse.optim.biz\/?p=372112"},"modified":"2016-01-08T10:38:00","modified_gmt":"2016-01-08T07:38:00","slug":"dna-fosta-sefa-a-judecatoriei-racari-florica-mihalcea-trimisa-in-judecata-intr-un-nou-dosar","status":"publish","type":"post","link":"https:\/\/analyse.optim.biz\/?p=372112","title":{"rendered":"DNA: Fosta \u0219ef\u0103 a Judec\u0103toriei R\u0103cari Florica Mihalcea, trimis\u0103 \u00een judecat\u0103 \u00eentr-un nou dosar"},"content":{"rendered":"<div class=\"description\" data-key=\"description\">Procurorii DNA Ploie\u0219ti au trimis-o \u00een judecat\u0103 pe Florica Mihalcea, la data faptelor pre\u0219edinte al Judec\u0103toriei R\u0103cari, pentru mai multe infrac\u021biuni, \u00een prezent aceasta fiind \u00een \u00eenchisoare pentru executarea unei pedepse \u00eentr-un alt dosar<\/div>\n<div class=\"articleBody\" data-key=\"articleBody\">Procurorii DNA Ploie\u0219ti au trimis-o \u00een judecat\u0103 pe Florica Mihalcea, la data faptelor pre\u0219edinte al Judec\u0103toriei R\u0103cari, pentru mai multe infrac\u021biuni, \u00een prezent aceasta fiind \u00een \u00eenchisoare pentru executarea unei pedepse \u00eentr-un alt dosar<br \/>\nEa este acuzat\u0103 de abuz \u00een serviciu, dac\u0103 func\u021bionarul public a ob\u021binut pentru sine sau pentru altul un folos necuvenit, fals \u00een \u00eenscrisuri sub semn\u0103tur\u0103 privat\u0103 \u00een form\u0103 continuat\u0103 (2 acte materiale), fals intelectual \u00een form\u0103 continuat\u0103 (4 acte materiale) \u0219i uz de fals \u00een form\u0103 continuat\u0103 (4 acte materiale).<br \/>\n\u00cen dosar a fost deferit justi\u021biei \u0219i Ion T\u0103nase Cojocaru, pentru complicitate la abuz \u00een serviciu, dac\u0103 func\u021bionarul public a ob\u021binut pentru sine sau pentru altul un folos necuvenit, \u0219i fals \u00een \u00eenscrisuri sub semn\u0103tur\u0103 privat\u0103.<br \/>\nPotrivit unui comunicat al DNA transmis vineri AGERPRES, \u00een noiembrie 2009, Florica Mihalcea, \u00een calitate de magistrat la Judec\u0103toria R\u0103cari \u0219i pre\u0219edinte al acestei instan\u021be, prin \u00eenc\u0103lcarea atribu\u021biilor de serviciu \u0219i ignorarea normelor imperative de procedur\u0103 civil\u0103, beneficiind de concursul nemijlocit al celuilalt inculpat, a solu\u021bionat o cauz\u0103 civil\u0103, pe baza unor \u00eenscrisuri necorespunz\u0103toare adev\u0103rului, \u00een absen\u021ba p\u0103r\u021bilor implicate \u0219i a tuturor probelor necesare adopt\u0103rii unei solu\u021bii juste.<br \/>\nDNA precizeaz\u0103 c\u0103, \u00een 28 octombrie 2009, pe rolul Judec\u0103toriei R\u0103cari a fost \u00eenregistrat un dosar civil, av\u00e2nd ca obiect &#8221;hot\u0103r\u00e2re ce \u021bine loc de act autentic&#8221;. Ac\u021biunea a fost formulat\u0103 \u00een numele unei persoane, cump\u0103r\u0103tor de drept (rud\u0103 a inculpatului T\u0103nase Cojocaru), solicit\u00e2ndu-se ca, printr-o sentin\u021b\u0103, s\u0103 se constate c\u0103 \u00eentre acesta \u0219i v\u00e2nz\u0103tor a intervenit un contract de v\u00e2nzare-cump\u0103rare cu privire la o suprafa\u021b\u0103 de teren de 3.200 mp, evaluat\u0103 la suma de 3.000 lei.<\/p>\n<p>&#8220;\u00cen sus\u021binerea ac\u021biunii au fost depuse la instan\u021b\u0103, printre alte documente, \u0219i un \u00eenscris denumit &#8216;partaj voluntar&#8217;, \u00eentocmit \u00een fals, \u00een 20 iulie 2009, de c\u0103tre Ion T\u0103nase Cojocaru. \u00centocmind acest document, inculpatul a creat impresia c\u0103 suprafa\u021ba de teren apar\u021binea numai v\u00e2nz\u0103torului, \u00een condi\u021biile \u00een care acesta mai avea un frate mo\u0219tenitor de drept al terenului, care a aflat ulterior despre aceast\u0103 tranzac\u021bie. La 17 noiembrie 2009, ac\u021bion\u00e2nd \u00een condi\u021biile ar\u0103tate, Florica Mihalcea a pronun\u021bat o sentin\u021b\u0103 civil\u0103 prin care s-a constatat v\u00e2nzarea-cump\u0103rarea bunului \u00een litigiu, acest document \u021bin\u00e2nd loc de titlu de proprietate&#8221;, sus\u021bin procurorii.<br \/>\nDNA men\u021bioneaz\u0103 c\u0103, ulterior, \u00een ianuarie 2010, suprafa\u021ba respectiv\u0103 de teren a fost v\u00e2ndut\u0103 unei firme de c\u0103tre Ion T\u0103nase Cojocaru, printr-un intermediar, cu peste 60.000 lei, echivalentul a aproximativ 15.000 euro.<br \/>\n&#8220;Astfel, prin ac\u021biunile lor, cei doi inculpa\u021bi au creat o pagub\u0103 \u00een dauna persoanelor \u00eendrept\u0103\u021bite s\u0103 beneficieze de terenul respectiv \u0219i, totodat\u0103, un folos necuvenit \u00een beneficiul inculpatului T\u0103nase Cojocaru, beneficiarul de fapt al terenului&#8221;, se spune \u00een comunicat.<br \/>\n\u00cen cauz\u0103, a fost dispus\u0103 m\u0103sura asiguratorie a sechestrului asupra bunurilor mobile \u0219i imobile de\u021binute de cei doi inculpa\u021bi.<br \/>\nDosarul a fost trimis spre judecare Cur\u021bii de Apel Ploie\u0219ti, cu propunere de a se men\u021bine m\u0103surile asiguratorii dispuse \u00een cauz\u0103.<br \/>\nFlorica Mihalcea a mai fost trimis\u0103 \u00een judecat\u0103 pentru fapte similare, \u00een februarie 2012, iar fa\u021b\u0103 de aceasta a fost pronun\u021bat\u0103 o hot\u0103r\u00e2re de condamnare definitiv\u0103, \u00een aprilie 2015, la 3 ani \u00eenchisoare.<\/p><\/div>\n<p> Source URL: https:\/\/observatornews.ro\/politic\/dna-fosta-efa-a-judecatoriei-racari-florica-mihalcea-trimisa-in-judecata-intrun-nou-dosar-171139.html<\/p>\n","protected":false},"excerpt":{"rendered":"<p>Procurorii DNA Ploie\u0219ti au trimis-o \u00een judecat\u0103 pe Florica Mihalcea, la data faptelor pre\u0219edinte al Judec\u0103toriei R\u0103cari, pentru mai multe infrac\u021biuni, \u00een prezent aceasta fiind \u00een \u00eenchisoare pentru executarea unei pedepse \u00eentr-un alt dosar Procurorii DNA Ploie\u0219ti au trimis-o \u00een judecat\u0103 pe Florica Mihalcea, la data faptelor pre\u0219edinte al Judec\u0103toriei R\u0103cari, pentru mai multe infrac\u021biuni, [&hellip;]<\/p>\n","protected":false},"author":1,"featured_media":0,"comment_status":"open","ping_status":"","sticky":false,"template":"","format":"standard","meta":{"footnotes":""},"categories":[2],"tags":[30],"class_list":["post-372112","post","type-post","status-publish","format-standard","hentry","category-politics","tag-observatornews-ro"],"_links":{"self":[{"href":"https:\/\/analyse.optim.biz\/index.php?rest_route=\/wp\/v2\/posts\/372112","targetHints":{"allow":["GET"]}}],"collection":[{"href":"https:\/\/analyse.optim.biz\/index.php?rest_route=\/wp\/v2\/posts"}],"about":[{"href":"https:\/\/analyse.optim.biz\/index.php?rest_route=\/wp\/v2\/types\/post"}],"author":[{"embeddable":true,"href":"https:\/\/analyse.optim.biz\/index.php?rest_route=\/wp\/v2\/users\/1"}],"replies":[{"embeddable":true,"href":"https:\/\/analyse.optim.biz\/index.php?rest_route=%2Fwp%2Fv2%2Fcomments&post=372112"}],"version-history":[{"count":0,"href":"https:\/\/analyse.optim.biz\/index.php?rest_route=\/wp\/v2\/posts\/372112\/revisions"}],"wp:attachment":[{"href":"https:\/\/analyse.optim.biz\/index.php?rest_route=%2Fwp%2Fv2%2Fmedia&parent=372112"}],"wp:term":[{"taxonomy":"category","embeddable":true,"href":"https:\/\/analyse.optim.biz\/index.php?rest_route=%2Fwp%2Fv2%2Fcategories&post=372112"},{"taxonomy":"post_tag","embeddable":true,"href":"https:\/\/analyse.optim.biz\/index.php?rest_route=%2Fwp%2Fv2%2Ftags&post=372112"}],"curies":[{"name":"wp","href":"https:\/\/api.w.org\/{rel}","templated":true}]}}