{"id":372108,"date":"2016-01-08T16:28:00","date_gmt":"2016-01-08T13:28:00","guid":{"rendered":"https:\/\/analyse.optim.biz\/?p=372108"},"modified":"2016-01-08T16:28:00","modified_gmt":"2016-01-08T13:28:00","slug":"macovei-iohannis-slab-in-ceea-ce-priveste-politica-externa-suntem-inexistenti","status":"publish","type":"post","link":"https:\/\/analyse.optim.biz\/?p=372108","title":{"rendered":"Macovei: &#8220;Iohannis, slab \u00een ceea ce prive\u0219te politica extern\u0103; suntem inexisten\u021bi&#8221;"},"content":{"rendered":"<div class=\"description\" data-key=\"description\">Europarlamentarul Monica Macovei a declarat vineri c\u0103 pre\u0219edintele Klaus Iohannis este &#8220;slab&#8221; \u00een ceea ce prive\u0219te politica extern\u0103, preciz\u00e2nd c\u0103, de\u0219i nu avea de unde s\u0103 cunoasc\u0103 acest domeniu, deoarece venea din postura de primar, el ar fi trebuit s\u0103 \u00eenve\u021be p\u00e2n\u0103 \u00een acest moment.<\/div>\n<div class=\"articleBody\" data-key=\"articleBody\">\u00a0Europarlamentarul Monica Macovei a declarat vineri c\u0103 pre\u0219edintele Klaus Iohannis este &#8220;slab&#8221; \u00een ceea ce prive\u0219te politica extern\u0103, preciz\u00e2nd c\u0103, de\u0219i nu avea de unde s\u0103 cunoasc\u0103 acest domeniu, deoarece venea din postura de primar, el ar fi trebuit s\u0103 \u00eenve\u021be p\u00e2n\u0103 \u00een acest moment.<br \/>\n&#8220;\u00cen politica extern\u0103 mie mi se pare c\u0103 suntem inexisten\u021bi. Vorbesc de lucruri importante, adic\u0103 s\u0103 contezi. (&#8230;) \u00cen ceea ce prive\u0219te politica extern\u0103, pre\u0219edintele Iohannis e slab&#8221;, a declarat Macovei, pentru Adev\u0103rul Live.<br \/>\n\u00centrebat\u0103 dac\u0103 Rom\u00e2nia era mai prezent\u0103 pe plan extern \u00een timpul mandatelor lui Traian B\u0103sescu, Monica Macovei a r\u0103spuns afirmativ.<br \/>\n&#8220;\u00cen primul r\u00e2nd, trebuie s\u0103 \u0219tii. N-avea de unde s\u0103 \u0219tie, venea de la Sibiu, primar, nu are de unde s\u0103 \u0219tie politic\u0103 extern\u0103, c\u0103 ea nu se \u00eenva\u021b\u0103 peste noapte. Trebuia s\u0103 fi stat deja cu cineva, deja are un an sau de c\u00e2nd s-a preg\u0103tit s\u0103 fie pre\u0219edinte. E cel mai important rol \u0219i e foarte important pentru Rom\u00e2nia unde ne duce. Trebuia s\u0103 \u00eenve\u021be p\u00e2n\u0103 acum politic\u0103 extern\u0103 \u0219i s\u0103 se pozi\u021bioneze Rom\u00e2nia. Pozi\u021bia Rom\u00e2niei din punctul meu de vedere este pe direc\u021bia Statele Unite, \u00een primul r\u00e2nd&#8221;, a precizat Macovei.<br \/>\n\u00cen opinia sa, pre\u0219edintele Iohannis a mutat axa de politic\u0103 extern\u0103 a Rom\u00e2niei spre Germania.<br \/>\n&#8220;Eu nu spun c\u0103 e r\u0103u, e o \u021bar\u0103 puternic\u0103, iubim Germania, este o \u021bar\u0103 european\u0103, dar cel mai important pentru noi este s\u0103 fim cu americanii. Asta e garan\u021bia de securitate cea mai mare&#8221;, a sus\u021binut Monica Macovei.\n<\/div>\n<p> Source URL: https:\/\/observatornews.ro\/politic\/macovei-iohannis-slab-in-ceea-ce-privete-politica-externa-suntem-inexisteni-171180.html<\/p>\n","protected":false},"excerpt":{"rendered":"<p>Europarlamentarul Monica Macovei a declarat vineri c\u0103 pre\u0219edintele Klaus Iohannis este &#8220;slab&#8221; \u00een ceea ce prive\u0219te politica extern\u0103, preciz\u00e2nd c\u0103, de\u0219i nu avea de unde s\u0103 cunoasc\u0103 acest domeniu, deoarece venea din postura de primar, el ar fi trebuit s\u0103 \u00eenve\u021be p\u00e2n\u0103 \u00een acest moment. \u00a0Europarlamentarul Monica Macovei a declarat vineri c\u0103 pre\u0219edintele Klaus Iohannis [&hellip;]<\/p>\n","protected":false},"author":1,"featured_media":372109,"comment_status":"open","ping_status":"","sticky":false,"template":"","format":"standard","meta":{"footnotes":""},"categories":[2],"tags":[30],"class_list":["post-372108","post","type-post","status-publish","format-standard","has-post-thumbnail","hentry","category-politics","tag-observatornews-ro"],"_links":{"self":[{"href":"https:\/\/analyse.optim.biz\/index.php?rest_route=\/wp\/v2\/posts\/372108","targetHints":{"allow":["GET"]}}],"collection":[{"href":"https:\/\/analyse.optim.biz\/index.php?rest_route=\/wp\/v2\/posts"}],"about":[{"href":"https:\/\/analyse.optim.biz\/index.php?rest_route=\/wp\/v2\/types\/post"}],"author":[{"embeddable":true,"href":"https:\/\/analyse.optim.biz\/index.php?rest_route=\/wp\/v2\/users\/1"}],"replies":[{"embeddable":true,"href":"https:\/\/analyse.optim.biz\/index.php?rest_route=%2Fwp%2Fv2%2Fcomments&post=372108"}],"version-history":[{"count":0,"href":"https:\/\/analyse.optim.biz\/index.php?rest_route=\/wp\/v2\/posts\/372108\/revisions"}],"wp:featuredmedia":[{"embeddable":true,"href":"https:\/\/analyse.optim.biz\/index.php?rest_route=\/wp\/v2\/media\/372109"}],"wp:attachment":[{"href":"https:\/\/analyse.optim.biz\/index.php?rest_route=%2Fwp%2Fv2%2Fmedia&parent=372108"}],"wp:term":[{"taxonomy":"category","embeddable":true,"href":"https:\/\/analyse.optim.biz\/index.php?rest_route=%2Fwp%2Fv2%2Fcategories&post=372108"},{"taxonomy":"post_tag","embeddable":true,"href":"https:\/\/analyse.optim.biz\/index.php?rest_route=%2Fwp%2Fv2%2Ftags&post=372108"}],"curies":[{"name":"wp","href":"https:\/\/api.w.org\/{rel}","templated":true}]}}