{"id":371847,"date":"2016-01-15T13:46:00","date_gmt":"2016-01-15T10:46:00","guid":{"rendered":"https:\/\/analyse.optim.biz\/?p=371847"},"modified":"2016-01-15T13:46:00","modified_gmt":"2016-01-15T10:46:00","slug":"ciolos-romania-are-inca-slabiciuni-in-privinta-sistemului-de-securitate-cibernetica","status":"publish","type":"post","link":"https:\/\/analyse.optim.biz\/?p=371847","title":{"rendered":"Ciolo\u0219: &#8220;Rom\u00e2nia are \u00eenc\u0103 sl\u0103biciuni \u00een privin\u021ba sistemului de securitate cibernetic\u0103&#8221;"},"content":{"rendered":"<div class=\"description\" data-key=\"description\">Sistemul de securitate cibernetic\u0103 din Rom\u00e2nia are \u00eenc\u0103 sl\u0103biciuni, \u00eens\u0103 autoritatea care se ocup\u0103 de domeniu are c\u00e2teva propuneri pentru \u00eembun\u0103t\u0103\u021birea acestuia, a declarat, vineri, premierul Dacian Ciolo\u0219, dup\u0103 \u00eent\u00e2lnirea cu ministrul Comunica\u021biilor \u0219i pentru Societatea Informa\u021bional\u0103, Marius Raul Bostan.<\/div>\n<div class=\"articleBody\" data-key=\"articleBody\">\u00a0Sistemul de securitate cibernetic\u0103 din Rom\u00e2nia are \u00eenc\u0103 sl\u0103biciuni, \u00eens\u0103 autoritatea care se ocup\u0103 de domeniu are c\u00e2teva propuneri pentru \u00eembun\u0103t\u0103\u021birea acestuia, a declarat, vineri, premierul Dacian Ciolo\u0219, dup\u0103 \u00eent\u00e2lnirea cu ministrul Comunica\u021biilor \u0219i pentru Societatea Informa\u021bional\u0103, Marius Raul Bostan.<br \/>\n&#8220;Am avut totodat\u0103 o discu\u021bie despre sistemul de securitate cibernetic\u0103, unde Rom\u00e2nia are \u00eenc\u0103, s\u0103 spun, sl\u0103biciuni. Avem aceast\u0103 autoritate care se ocup\u0103 de securitate cibernetic\u0103 \u0219i o s\u0103 vedem ce m\u0103suri putem lua \u0219i aici \u00een cursul acestui an. Aceast\u0103 autoritate are c\u00e2teva propuneri pentru a \u00eembun\u0103t\u0103\u021bi mediul securit\u0103\u021bii cibernetice \u00een Rom\u00e2nia&#8221;, a afirmat Dacian Ciolo\u0219.<br \/>\nMinistrul Comunica\u021biilor \u0219i pentru Societatea Informa\u021bional\u0103, Marius Raul Bostan, a precizat c\u0103 Rom\u00e2nia are nevoie de o Lege a securit\u0103\u021bii cibernetice \u0219i c\u0103 aceast\u0103 lege va fi pus\u0103 \u00een dezbatere public\u0103.<br \/>\n&#8220;Legea securit\u0103\u021bii cibernetice o vom pune \u00een dezbatere public\u0103. Este nevoie de o lege a securit\u0103\u021bii cibernetice. Rom\u00e2nia a devenit, \u00een ultimul timp, \u0219i ea o \u021bint\u0103. Din acest punct de vedere suntem preg\u0103ti\u021bi \u0219i avem un plan de m\u0103suri extrem de precis, conform Strategiei de securitatea cibernetic\u0103. Avem divizii preg\u0103tite pentru a asigura securitatea cibernetic\u0103. Degeaba construim infrastructur\u0103 de internet \u0219i investim \u00een platforme, degeaba facem interoperabilitate \u0219i registre de date dac\u0103 nu suntem \u00een stare s\u0103 ni le protej\u0103m&#8221;, a men\u021bionat ministrul.<br \/>\nAcesta a ad\u0103ugat c\u0103 exist\u0103, la ora actual\u0103, disfunc\u021bionalit\u0103\u021bi IT la nivel guvernamental, ce urmeaz\u0103 a fi corectate.<br \/>\n&#8220;\u00cen acela\u0219i timp, am discutat despre disfunc\u021bionalit\u0103\u021bi IT la nivel guvernamental. Avem probleme, le \u0219tim \u0219i sunt convins c\u0103 pentru a regla un intranet al Guvernului, un func\u021bionar public pe IT&amp;C care s\u0103 aib\u0103 capabilitate \u0219i s\u0103 fie bun la nivel guvernamental nu poate fi pl\u0103tit cu un salariu obi\u0219nuit. Dup\u0103 cum \u0219ti\u021bi \u00een aceast\u0103 industrie, salariile sunt foarte mari \u0219i pentru a avea oameni capabili \u00een sectorul public e nevoie s\u0103 g\u00e2ndim acest proces. El va fi g\u00e2ndit \u00een cadrul Legii salariz\u0103rii unice, dar \u00een acela\u0219i timp s\u0103 g\u0103sim \u0219i solu\u021bii pentru departamentele speciale care s\u0103 se ocupe de sistemul IT al Guvernului&#8221;, a sus\u021binut Bostan.<\/div>\n<p> Source URL: https:\/\/observatornews.ro\/politic\/ciolo-romania-are-inca-slabiciuni-in-privina-sistemului-de-securitate-cibernetica-171878.html<\/p>\n","protected":false},"excerpt":{"rendered":"<p>Sistemul de securitate cibernetic\u0103 din Rom\u00e2nia are \u00eenc\u0103 sl\u0103biciuni, \u00eens\u0103 autoritatea care se ocup\u0103 de domeniu are c\u00e2teva propuneri pentru \u00eembun\u0103t\u0103\u021birea acestuia, a declarat, vineri, premierul Dacian Ciolo\u0219, dup\u0103 \u00eent\u00e2lnirea cu ministrul Comunica\u021biilor \u0219i pentru Societatea Informa\u021bional\u0103, Marius Raul Bostan. \u00a0Sistemul de securitate cibernetic\u0103 din Rom\u00e2nia are \u00eenc\u0103 sl\u0103biciuni, \u00eens\u0103 autoritatea care se ocup\u0103 de [&hellip;]<\/p>\n","protected":false},"author":1,"featured_media":371848,"comment_status":"open","ping_status":"","sticky":false,"template":"","format":"standard","meta":{"footnotes":""},"categories":[2],"tags":[30],"class_list":["post-371847","post","type-post","status-publish","format-standard","has-post-thumbnail","hentry","category-politics","tag-observatornews-ro"],"_links":{"self":[{"href":"https:\/\/analyse.optim.biz\/index.php?rest_route=\/wp\/v2\/posts\/371847","targetHints":{"allow":["GET"]}}],"collection":[{"href":"https:\/\/analyse.optim.biz\/index.php?rest_route=\/wp\/v2\/posts"}],"about":[{"href":"https:\/\/analyse.optim.biz\/index.php?rest_route=\/wp\/v2\/types\/post"}],"author":[{"embeddable":true,"href":"https:\/\/analyse.optim.biz\/index.php?rest_route=\/wp\/v2\/users\/1"}],"replies":[{"embeddable":true,"href":"https:\/\/analyse.optim.biz\/index.php?rest_route=%2Fwp%2Fv2%2Fcomments&post=371847"}],"version-history":[{"count":0,"href":"https:\/\/analyse.optim.biz\/index.php?rest_route=\/wp\/v2\/posts\/371847\/revisions"}],"wp:featuredmedia":[{"embeddable":true,"href":"https:\/\/analyse.optim.biz\/index.php?rest_route=\/wp\/v2\/media\/371848"}],"wp:attachment":[{"href":"https:\/\/analyse.optim.biz\/index.php?rest_route=%2Fwp%2Fv2%2Fmedia&parent=371847"}],"wp:term":[{"taxonomy":"category","embeddable":true,"href":"https:\/\/analyse.optim.biz\/index.php?rest_route=%2Fwp%2Fv2%2Fcategories&post=371847"},{"taxonomy":"post_tag","embeddable":true,"href":"https:\/\/analyse.optim.biz\/index.php?rest_route=%2Fwp%2Fv2%2Ftags&post=371847"}],"curies":[{"name":"wp","href":"https:\/\/api.w.org\/{rel}","templated":true}]}}