{"id":371742,"date":"2016-01-19T05:46:02","date_gmt":"2016-01-19T02:46:02","guid":{"rendered":"https:\/\/analyse.optim.biz\/?p=371742"},"modified":"2016-01-19T05:46:02","modified_gmt":"2016-01-19T02:46:02","slug":"donald-trump-catalogat-bufon-si-imbecil-in-timpul-unei-dezbateri-in-parlamentul-britanic","status":"publish","type":"post","link":"https:\/\/analyse.optim.biz\/?p=371742","title":{"rendered":"Donald Trump, catalogat \u201dbufon\u201d \u0219i \u201dimbecil\u201d \u00een timpul unei dezbateri \u00een Parlamentul britanic"},"content":{"rendered":"<div class=\"description\" data-key=\"description\">Donald Trump \u015fi-a g\u0103sit na\u015ful. Sau na\u015fii mai bine spus. \u00cen timpul unei dezbateri c\u00e2\u0163iva parlamentari britanici l-au desfiin\u0163at pe afaceristul american pentru declara\u0163iile f\u0103cute \u00een ultima perioad\u0103.<\/div>\n<div class=\"articleBody\" data-key=\"articleBody\">Donald Trump \u015fi-a g\u0103sit na\u015ful. Sau na\u015fii mai bine spus. \u00cen timpul unei dezbateri c\u00e2\u0163iva parlamentari britanici l-au desfiin\u0163at pe afaceristul american pentru declara\u0163iile f\u0103cute \u00een ultima perioad\u0103.<\/p>\n<p>\u015ei nu au fost deloc. diploma\u0163i.\u00a0<\/p><\/div>\n<p> Source URL: https:\/\/observatornews.ro\/politic\/donald-trump-catalogat-bufon-i-imbecil-in-timpul-unei-dezbateri-in-parlamentul-britanic-172164.html<\/p>\n","protected":false},"excerpt":{"rendered":"<p>Donald Trump \u015fi-a g\u0103sit na\u015ful. Sau na\u015fii mai bine spus. \u00cen timpul unei dezbateri c\u00e2\u0163iva parlamentari britanici l-au desfiin\u0163at pe afaceristul american pentru declara\u0163iile f\u0103cute \u00een ultima perioad\u0103. Donald Trump \u015fi-a g\u0103sit na\u015ful. Sau na\u015fii mai bine spus. \u00cen timpul unei dezbateri c\u00e2\u0163iva parlamentari britanici l-au desfiin\u0163at pe afaceristul american pentru declara\u0163iile f\u0103cute \u00een ultima [&hellip;]<\/p>\n","protected":false},"author":1,"featured_media":371743,"comment_status":"open","ping_status":"","sticky":false,"template":"","format":"standard","meta":{"footnotes":""},"categories":[2],"tags":[30],"class_list":["post-371742","post","type-post","status-publish","format-standard","has-post-thumbnail","hentry","category-politics","tag-observatornews-ro"],"_links":{"self":[{"href":"https:\/\/analyse.optim.biz\/index.php?rest_route=\/wp\/v2\/posts\/371742","targetHints":{"allow":["GET"]}}],"collection":[{"href":"https:\/\/analyse.optim.biz\/index.php?rest_route=\/wp\/v2\/posts"}],"about":[{"href":"https:\/\/analyse.optim.biz\/index.php?rest_route=\/wp\/v2\/types\/post"}],"author":[{"embeddable":true,"href":"https:\/\/analyse.optim.biz\/index.php?rest_route=\/wp\/v2\/users\/1"}],"replies":[{"embeddable":true,"href":"https:\/\/analyse.optim.biz\/index.php?rest_route=%2Fwp%2Fv2%2Fcomments&post=371742"}],"version-history":[{"count":0,"href":"https:\/\/analyse.optim.biz\/index.php?rest_route=\/wp\/v2\/posts\/371742\/revisions"}],"wp:featuredmedia":[{"embeddable":true,"href":"https:\/\/analyse.optim.biz\/index.php?rest_route=\/wp\/v2\/media\/371743"}],"wp:attachment":[{"href":"https:\/\/analyse.optim.biz\/index.php?rest_route=%2Fwp%2Fv2%2Fmedia&parent=371742"}],"wp:term":[{"taxonomy":"category","embeddable":true,"href":"https:\/\/analyse.optim.biz\/index.php?rest_route=%2Fwp%2Fv2%2Fcategories&post=371742"},{"taxonomy":"post_tag","embeddable":true,"href":"https:\/\/analyse.optim.biz\/index.php?rest_route=%2Fwp%2Fv2%2Ftags&post=371742"}],"curies":[{"name":"wp","href":"https:\/\/api.w.org\/{rel}","templated":true}]}}