{"id":371512,"date":"2016-04-27T12:49:00","date_gmt":"2016-04-27T09:49:00","guid":{"rendered":"https:\/\/analyse.optim.biz\/?p=371512"},"modified":"2016-04-27T12:49:00","modified_gmt":"2016-04-27T09:49:00","slug":"valeriu-zgonea-a-fost-exclus-din-psd","status":"publish","type":"post","link":"https:\/\/analyse.optim.biz\/?p=371512","title":{"rendered":"Valeriu Zgonea a fost exclus din PSD"},"content":{"rendered":"<div class=\"description\" data-key=\"description\">Pre\u0219edintele executiv al PSD, Valeriu Zgonea, a fost exclus din partid, potrivit unor surse din forma\u021biunea social-democrat\u0103.<\/div>\n<div class=\"articleBody\" data-key=\"articleBody\">\u00a0Pre\u0219edintele executiv al PSD, Valeriu Zgonea, a fost exclus din partid, potrivit unor surse din forma\u021biunea social-democrat\u0103.<br \/>\nZgonea: Am asistat la o decizie profund nedreapt\u0103; r\u0103m\u00e2n ata\u0219at valorilor social-democrate<br \/>\nComitetul Executiv Na\u021bional al PSD, \u00eentrunit miercuri, a decis \u00een unanimitate excluderea lui Zgonea.<br \/>\nSursa: Agerpres<\/div>\n<p> Source URL: https:\/\/observatornews.ro\/politic\/valeriu-zgonea-a-fost-exclus-din-psd-177020.html<\/p>\n","protected":false},"excerpt":{"rendered":"<p>Pre\u0219edintele executiv al PSD, Valeriu Zgonea, a fost exclus din partid, potrivit unor surse din forma\u021biunea social-democrat\u0103. \u00a0Pre\u0219edintele executiv al PSD, Valeriu Zgonea, a fost exclus din partid, potrivit unor surse din forma\u021biunea social-democrat\u0103. Zgonea: Am asistat la o decizie profund nedreapt\u0103; r\u0103m\u00e2n ata\u0219at valorilor social-democrate Comitetul Executiv Na\u021bional al PSD, \u00eentrunit miercuri, a decis [&hellip;]<\/p>\n","protected":false},"author":1,"featured_media":371513,"comment_status":"open","ping_status":"","sticky":false,"template":"","format":"standard","meta":{"footnotes":""},"categories":[2],"tags":[30],"class_list":["post-371512","post","type-post","status-publish","format-standard","has-post-thumbnail","hentry","category-politics","tag-observatornews-ro"],"_links":{"self":[{"href":"https:\/\/analyse.optim.biz\/index.php?rest_route=\/wp\/v2\/posts\/371512","targetHints":{"allow":["GET"]}}],"collection":[{"href":"https:\/\/analyse.optim.biz\/index.php?rest_route=\/wp\/v2\/posts"}],"about":[{"href":"https:\/\/analyse.optim.biz\/index.php?rest_route=\/wp\/v2\/types\/post"}],"author":[{"embeddable":true,"href":"https:\/\/analyse.optim.biz\/index.php?rest_route=\/wp\/v2\/users\/1"}],"replies":[{"embeddable":true,"href":"https:\/\/analyse.optim.biz\/index.php?rest_route=%2Fwp%2Fv2%2Fcomments&post=371512"}],"version-history":[{"count":0,"href":"https:\/\/analyse.optim.biz\/index.php?rest_route=\/wp\/v2\/posts\/371512\/revisions"}],"wp:featuredmedia":[{"embeddable":true,"href":"https:\/\/analyse.optim.biz\/index.php?rest_route=\/wp\/v2\/media\/371513"}],"wp:attachment":[{"href":"https:\/\/analyse.optim.biz\/index.php?rest_route=%2Fwp%2Fv2%2Fmedia&parent=371512"}],"wp:term":[{"taxonomy":"category","embeddable":true,"href":"https:\/\/analyse.optim.biz\/index.php?rest_route=%2Fwp%2Fv2%2Fcategories&post=371512"},{"taxonomy":"post_tag","embeddable":true,"href":"https:\/\/analyse.optim.biz\/index.php?rest_route=%2Fwp%2Fv2%2Ftags&post=371512"}],"curies":[{"name":"wp","href":"https:\/\/api.w.org\/{rel}","templated":true}]}}