{"id":371359,"date":"2016-05-11T11:51:00","date_gmt":"2016-05-11T08:51:00","guid":{"rendered":"https:\/\/analyse.optim.biz\/?p=371359"},"modified":"2016-05-11T11:51:00","modified_gmt":"2016-05-11T08:51:00","slug":"ccr-a-respins-alegerea-primarilor-in-doua-tururi","status":"publish","type":"post","link":"https:\/\/analyse.optim.biz\/?p=371359","title":{"rendered":"CCR a respins alegerea primarilor \u00een dou\u0103 tururi"},"content":{"rendered":"<div class=\"description\" data-key=\"description\">Curtea Constitu\u021bional\u0103 a Rom\u00e2niei a respins toate sesiz\u0103rile aflate pe ordinea de zi a \u0219edin\u021bei de miercuri cu privire la alegerile locale.<\/div>\n<div class=\"articleBody\" data-key=\"articleBody\">Curtea Constitu\u021bional\u0103 a Rom\u00e2niei a respins toate sesiz\u0103rile aflate pe ordinea de zi a \u0219edin\u021bei de miercuri cu privire la alegerile locale.<br \/>\nPotrivit unor surse oficiale din cadrul CCR, au fost respinse toate cele 51 de sesiz\u0103ri referitoare la Legea 115\/2015 pentru alegerea autorit\u0103\u021bilor administra\u021biei publice locale, informeaz\u0103 Agerpres.<br \/>\nJudec\u0103torii au respins at\u00e2t excep\u021biile de neconstitu\u021bionalitate privind alegerea primarilor \u00eentr-un singur tur de scrutin, c\u00e2t \u0219i pe cele referitoare la num\u0103rul minim de semn\u0103turi pentru depunerea candidaturilor.<br \/>\nPrintre cei care au formulat sesiz\u0103rile se num\u0103r\u0103 jurnalistul Liviu Avram \u0219i deputatul Daniel Fenechiu, dar \u0219i mai multe forma\u021biuni politice, \u00eentre care PMP, Partidul M10, PRM, PN\u021aCD sau Partidul Pirat.<br \/>\nCCR a respins \u0219i pe 5 mai o sesizare a jurnalistului Liviu Avram privind unele prevederi din Legea alegerilor locale, printre care \u0219i cele care arat\u0103 c\u0103 este ales candidatul ce a \u00eentrunit cel mai mare num\u0103r de voturi \u00een primul tur de scrutin.<\/div>\n<p> Source URL: https:\/\/observatornews.ro\/politic\/ccr-a-respins-toate-sesizarile-de-pe-ordinea-de-zi-cu-privire-la-alegerile-locale-177758.html<\/p>\n","protected":false},"excerpt":{"rendered":"<p>Curtea Constitu\u021bional\u0103 a Rom\u00e2niei a respins toate sesiz\u0103rile aflate pe ordinea de zi a \u0219edin\u021bei de miercuri cu privire la alegerile locale. Curtea Constitu\u021bional\u0103 a Rom\u00e2niei a respins toate sesiz\u0103rile aflate pe ordinea de zi a \u0219edin\u021bei de miercuri cu privire la alegerile locale. Potrivit unor surse oficiale din cadrul CCR, au fost respinse toate [&hellip;]<\/p>\n","protected":false},"author":1,"featured_media":371360,"comment_status":"open","ping_status":"","sticky":false,"template":"","format":"standard","meta":{"footnotes":""},"categories":[2],"tags":[30],"class_list":["post-371359","post","type-post","status-publish","format-standard","has-post-thumbnail","hentry","category-politics","tag-observatornews-ro"],"_links":{"self":[{"href":"https:\/\/analyse.optim.biz\/index.php?rest_route=\/wp\/v2\/posts\/371359","targetHints":{"allow":["GET"]}}],"collection":[{"href":"https:\/\/analyse.optim.biz\/index.php?rest_route=\/wp\/v2\/posts"}],"about":[{"href":"https:\/\/analyse.optim.biz\/index.php?rest_route=\/wp\/v2\/types\/post"}],"author":[{"embeddable":true,"href":"https:\/\/analyse.optim.biz\/index.php?rest_route=\/wp\/v2\/users\/1"}],"replies":[{"embeddable":true,"href":"https:\/\/analyse.optim.biz\/index.php?rest_route=%2Fwp%2Fv2%2Fcomments&post=371359"}],"version-history":[{"count":0,"href":"https:\/\/analyse.optim.biz\/index.php?rest_route=\/wp\/v2\/posts\/371359\/revisions"}],"wp:featuredmedia":[{"embeddable":true,"href":"https:\/\/analyse.optim.biz\/index.php?rest_route=\/wp\/v2\/media\/371360"}],"wp:attachment":[{"href":"https:\/\/analyse.optim.biz\/index.php?rest_route=%2Fwp%2Fv2%2Fmedia&parent=371359"}],"wp:term":[{"taxonomy":"category","embeddable":true,"href":"https:\/\/analyse.optim.biz\/index.php?rest_route=%2Fwp%2Fv2%2Fcategories&post=371359"},{"taxonomy":"post_tag","embeddable":true,"href":"https:\/\/analyse.optim.biz\/index.php?rest_route=%2Fwp%2Fv2%2Ftags&post=371359"}],"curies":[{"name":"wp","href":"https:\/\/api.w.org\/{rel}","templated":true}]}}