{"id":371357,"date":"2016-05-11T11:55:00","date_gmt":"2016-05-11T08:55:00","guid":{"rendered":"https:\/\/analyse.optim.biz\/?p=371357"},"modified":"2016-05-11T11:55:00","modified_gmt":"2016-05-11T08:55:00","slug":"robert-negoita-din-nou-la-dna","status":"publish","type":"post","link":"https:\/\/analyse.optim.biz\/?p=371357","title":{"rendered":"Robert Negoi\u021b\u0103, din nou la DNA"},"content":{"rendered":"<div class=\"description\" data-key=\"description\">Primarul sectorului 3, Robert Negoi\u021b\u0103, s-a prezentat, miercuri, la Direc\u021bia Na\u021bional\u0103 Anticorup\u021bie.<\/div>\n<div class=\"articleBody\" data-key=\"articleBody\">Primarul sectorului 3, Robert Negoi\u021b\u0103, s-a prezentat, miercuri, la Direc\u021bia Na\u021bional\u0103 Anticorup\u021bie.<br \/>\nPotrivit unor surse judiciare, el a fost citat ca martor \u00een dosarul \u00een care sunt cerceta\u021bi pre\u0219edintele PSD, Liviu Dragnea, \u0219i fosta sa so\u021bie.<br \/>\nRobert Negoi\u021b\u0103 a spus, la venirea la DNA, c\u0103 a fost chemat deoarece &#8220;e campanie electoral\u0103, iar adversarii politici nu \u0219tiu s\u0103 fac\u0103 dec\u00e2t pl\u00e2ngeri penale&#8221;. El a precizat c\u0103 a fost chemat \u00een calitate de martor.<br \/>\nNegoi\u021b\u0103 a ar\u0103tat c\u0103 nu are nicio leg\u0103tur\u0103 cu angaj\u0103rile de la DGASPC Teleorman, iar pe Bombonica Prodana o \u0219tie doar \u00een calitate de so\u021bie a lui Liviu Dragnea. &#8220;Nu \u0219tiu despre ce e vorba, acum v\u0103d \u0219i eu. Oricum e calitate de martor&#8221;, a mai spus Robert Negoi\u021b\u0103.<\/div>\n<p> Source URL: https:\/\/observatornews.ro\/politic\/robert-negoia-din-nou-la-dna-177759.html<\/p>\n","protected":false},"excerpt":{"rendered":"<p>Primarul sectorului 3, Robert Negoi\u021b\u0103, s-a prezentat, miercuri, la Direc\u021bia Na\u021bional\u0103 Anticorup\u021bie. Primarul sectorului 3, Robert Negoi\u021b\u0103, s-a prezentat, miercuri, la Direc\u021bia Na\u021bional\u0103 Anticorup\u021bie. Potrivit unor surse judiciare, el a fost citat ca martor \u00een dosarul \u00een care sunt cerceta\u021bi pre\u0219edintele PSD, Liviu Dragnea, \u0219i fosta sa so\u021bie. Robert Negoi\u021b\u0103 a spus, la venirea la [&hellip;]<\/p>\n","protected":false},"author":1,"featured_media":371358,"comment_status":"open","ping_status":"","sticky":false,"template":"","format":"standard","meta":{"footnotes":""},"categories":[2],"tags":[30],"class_list":["post-371357","post","type-post","status-publish","format-standard","has-post-thumbnail","hentry","category-politics","tag-observatornews-ro"],"_links":{"self":[{"href":"https:\/\/analyse.optim.biz\/index.php?rest_route=\/wp\/v2\/posts\/371357","targetHints":{"allow":["GET"]}}],"collection":[{"href":"https:\/\/analyse.optim.biz\/index.php?rest_route=\/wp\/v2\/posts"}],"about":[{"href":"https:\/\/analyse.optim.biz\/index.php?rest_route=\/wp\/v2\/types\/post"}],"author":[{"embeddable":true,"href":"https:\/\/analyse.optim.biz\/index.php?rest_route=\/wp\/v2\/users\/1"}],"replies":[{"embeddable":true,"href":"https:\/\/analyse.optim.biz\/index.php?rest_route=%2Fwp%2Fv2%2Fcomments&post=371357"}],"version-history":[{"count":0,"href":"https:\/\/analyse.optim.biz\/index.php?rest_route=\/wp\/v2\/posts\/371357\/revisions"}],"wp:featuredmedia":[{"embeddable":true,"href":"https:\/\/analyse.optim.biz\/index.php?rest_route=\/wp\/v2\/media\/371358"}],"wp:attachment":[{"href":"https:\/\/analyse.optim.biz\/index.php?rest_route=%2Fwp%2Fv2%2Fmedia&parent=371357"}],"wp:term":[{"taxonomy":"category","embeddable":true,"href":"https:\/\/analyse.optim.biz\/index.php?rest_route=%2Fwp%2Fv2%2Fcategories&post=371357"},{"taxonomy":"post_tag","embeddable":true,"href":"https:\/\/analyse.optim.biz\/index.php?rest_route=%2Fwp%2Fv2%2Ftags&post=371357"}],"curies":[{"name":"wp","href":"https:\/\/api.w.org\/{rel}","templated":true}]}}