{"id":371353,"date":"2016-05-12T05:57:00","date_gmt":"2016-05-12T02:57:00","guid":{"rendered":"https:\/\/analyse.optim.biz\/?p=371353"},"modified":"2016-05-12T05:57:00","modified_gmt":"2016-05-12T02:57:00","slug":"sistemul-antiracheta-de-la-deveselu-devine-operational-la-ceremonie-vor-fi-prezenti-secretarul-general-al-nato-si-dacian-ciolos","status":"publish","type":"post","link":"https:\/\/analyse.optim.biz\/?p=371353","title":{"rendered":"Sistemul antirachet\u0103 de la Deveselu devine opera\u021bional. La ceremonie vor fi prezen\u0163i secretarul general al NATO \u015fi Dacian Ciolo\u015f"},"content":{"rendered":"<div class=\"description\" data-key=\"description\">Sistemul de ap\u0103rare antirachet\u0103 Aegis Ashore de la Deveselu va fi inaugurat joi \u00een prezen\u021ba premierului Dacian Ciolo\u0219 \u0219i a secretarului general al NATO, Jens Stoltenberg, care se afl\u0103 cu acest prilej \u00een Rom\u00e2nia, precum \u0219i a adjunctului Secretarului ap\u0103r\u0103rii al SUA, Robert Work.<\/div>\n<div class=\"articleBody\" data-key=\"articleBody\">Sistemul de ap\u0103rare antirachet\u0103 Aegis Ashore de la Deveselu va fi inaugurat joi \u00een prezen\u021ba premierului Dacian Ciolo\u0219 \u0219i a secretarului general al NATO, Jens Stoltenberg, care se afl\u0103 cu acest prilej \u00een Rom\u00e2nia, precum \u0219i a adjunctului Secretarului ap\u0103r\u0103rii al SUA, Robert Work.<br \/>\nCeremonia dedicat\u0103 certific\u0103rii capacit\u0103\u021bii opera\u021bionale a sistemului de ap\u0103rare antirachet\u0103 Aegis Ashore (AAMDS) este organizat\u0103 la Unitatea de Sprijin Naval de la Deveselu. Acest sistem reprezint\u0103 un element-cheie al Etapei a II-a a componentei europene a sistemului american de ap\u0103rare antirachet\u0103 European Phased Adaptive Approach (EPAA).<br \/>\n&#8216;Rom\u00e2nia a sus\u021binut de la \u00eenceput eforturile aliate pe linia ap\u0103r\u0103rii antirachet\u0103, \u00een baza principiilor indivizibilit\u0103\u021bii securit\u0103\u021bii \u0219i solidarit\u0103\u021bii aliate. Rom\u00e2nia sprijin\u0103 acoperirea complet\u0103 a teritoriului, popula\u021biilor \u0219i for\u021belor aliate din Europa. Ap\u0103rarea antirachet\u0103 presupune un efort colectiv, iar prin g\u0103zduirea Facilit\u0103\u021bii de la Deveselu Rom\u00e2nia \u00ee\u0219i asum\u0103 concret un astfel de efort&#8217;, a afirmat premierul Dacian Ciolo\u0219, potrivit unui comunicat transmis de Biroul de pres\u0103 al Guvernului, informeaz\u0103 Agerpres.<br \/>\nParticiparea Rom\u00e2niei la dezvoltarea componentei europene a sistemului american de ap\u0103rare antirachet\u0103, decis\u0103 de Consiliul Suprem de Ap\u0103rare a \u021a\u0103rii la 4 februarie 2010, reprezint\u0103 un succes al \u021b\u0103rii noastre at\u00e2t \u00een rela\u021bia bilateral\u0103 cu Statele Unite, c\u00e2t \u0219i din punctul de vedere al consolid\u0103rii pozi\u021biei Rom\u00e2niei de Aliat de \u00eencredere \u00een cadrul NATO.<br \/>\nProiectul rom\u00e2no-american de la Deveselu contribuie substan\u021bial la programul NATO de ap\u0103rare \u00eempotriva rachetelor balistice, la \u00eent\u0103rirea securit\u0103\u021bii Rom\u00e2niei \u0219i la consolidarea Parteneriatului Strategic cu SUA.<br \/>\nBaza de la Deveselu este una dintre cele mai moderne unit\u0103\u021bi militare din administrarea Ministerului Ap\u0103r\u0103rii Na\u021bionale. Construc\u021bia facilit\u0103\u021bii antirachet\u0103 a \u00eenceput \u00een 2013, iar componentele sale sunt opera\u021bionale din decembrie 2015. Integrarea sistemului \u00een capabilitatea NATO de ap\u0103rare \u00eempotriva rachetelor balistice este \u00een grafic, termenul prev\u0103zut fiind legat de summitul NATO de la Var\u0219ovia, din luna iulie, men\u021bioneaz\u0103 sursa citat\u0103.<br \/>\nLa evenimentul de joi de la Deveselu vor participa \u00eenal\u021bi oficiali rom\u00e2ni, reprezentan\u021bi ai Departamentului american al Ap\u0103r\u0103rii, ai Departamentului de Stat al SUA, ai NATO, ai For\u021belor Navale ale SUA dislocate \u00een Europa, reprezentan\u021bi ai corpului diplomatic acreditat la Bucure\u0219ti, precum \u0219i ai autorit\u0103\u021bilor locale.<\/div>\n<p> Source URL: https:\/\/observatornews.ro\/politic\/sistemul-antiracheta-de-la-deveselu-devine-operaional-la-ceremonie-vor-fi-prezenti-secretarul-general-al-nato-si-dacian-ciolos-177802.html<\/p>\n","protected":false},"excerpt":{"rendered":"<p>Sistemul de ap\u0103rare antirachet\u0103 Aegis Ashore de la Deveselu va fi inaugurat joi \u00een prezen\u021ba premierului Dacian Ciolo\u0219 \u0219i a secretarului general al NATO, Jens Stoltenberg, care se afl\u0103 cu acest prilej \u00een Rom\u00e2nia, precum \u0219i a adjunctului Secretarului ap\u0103r\u0103rii al SUA, Robert Work. Sistemul de ap\u0103rare antirachet\u0103 Aegis Ashore de la Deveselu va fi [&hellip;]<\/p>\n","protected":false},"author":1,"featured_media":371354,"comment_status":"open","ping_status":"","sticky":false,"template":"","format":"standard","meta":{"footnotes":""},"categories":[2],"tags":[30],"class_list":["post-371353","post","type-post","status-publish","format-standard","has-post-thumbnail","hentry","category-politics","tag-observatornews-ro"],"_links":{"self":[{"href":"https:\/\/analyse.optim.biz\/index.php?rest_route=\/wp\/v2\/posts\/371353","targetHints":{"allow":["GET"]}}],"collection":[{"href":"https:\/\/analyse.optim.biz\/index.php?rest_route=\/wp\/v2\/posts"}],"about":[{"href":"https:\/\/analyse.optim.biz\/index.php?rest_route=\/wp\/v2\/types\/post"}],"author":[{"embeddable":true,"href":"https:\/\/analyse.optim.biz\/index.php?rest_route=\/wp\/v2\/users\/1"}],"replies":[{"embeddable":true,"href":"https:\/\/analyse.optim.biz\/index.php?rest_route=%2Fwp%2Fv2%2Fcomments&post=371353"}],"version-history":[{"count":0,"href":"https:\/\/analyse.optim.biz\/index.php?rest_route=\/wp\/v2\/posts\/371353\/revisions"}],"wp:featuredmedia":[{"embeddable":true,"href":"https:\/\/analyse.optim.biz\/index.php?rest_route=\/wp\/v2\/media\/371354"}],"wp:attachment":[{"href":"https:\/\/analyse.optim.biz\/index.php?rest_route=%2Fwp%2Fv2%2Fmedia&parent=371353"}],"wp:term":[{"taxonomy":"category","embeddable":true,"href":"https:\/\/analyse.optim.biz\/index.php?rest_route=%2Fwp%2Fv2%2Fcategories&post=371353"},{"taxonomy":"post_tag","embeddable":true,"href":"https:\/\/analyse.optim.biz\/index.php?rest_route=%2Fwp%2Fv2%2Ftags&post=371353"}],"curies":[{"name":"wp","href":"https:\/\/api.w.org\/{rel}","templated":true}]}}