{"id":371318,"date":"2016-05-17T11:39:00","date_gmt":"2016-05-17T08:39:00","guid":{"rendered":"https:\/\/analyse.optim.biz\/?p=371318"},"modified":"2016-05-17T11:39:00","modified_gmt":"2016-05-17T08:39:00","slug":"vlad-voiculescu-propus-ministru-al-sanatatii","status":"publish","type":"post","link":"https:\/\/analyse.optim.biz\/?p=371318","title":{"rendered":"Vlad Voiculescu, propus ministru al S\u0103n\u0103t\u0103\u021bii"},"content":{"rendered":"<div class=\"description\" data-key=\"description\">Premierul Dacian Ciolo\u0219 i-a propus mar\u021bi lui Vlad Voiculescu s\u0103 preia portofoliul de ministru al S\u0103n\u0103t\u0103\u021bii, iar acesta a acceptat, au declarat pentru Agerpres surse oficiale.<\/div>\n<div class=\"articleBody\" data-key=\"articleBody\">Premierul Dacian Ciolo\u0219 i-a propus mar\u021bi lui Vlad Voiculescu s\u0103 preia portofoliul de ministru al S\u0103n\u0103t\u0103\u021bii, iar acesta a acceptat, au declarat pentru Agerpres surse oficiale.<br \/>\nEconomistul Vlad Voiculescu\u00a0a lucrat \u00een ultimul an \u00een calitate de Director de Cabinet al ministrului de Finan\u0163e, Anca Dragu. \u00cenainte de asta, el a locuit 14 ani la Viena, unde a absolvit licen\u0163a \u015fi masterul la Universitatea de Economie \u015fi Business din Viena (Vienna University of Economics and Business Administration), av\u00e2nd \u00een prezent peste 10 ani de experien\u0163\u0103 \u00een domeniul financiar.<br \/>\nVlad Voiculescu este creatorul Magicamp, o tab\u0103r\u0103 de var\u0103 destinat\u0103 copiilor bolnavi de cancer. Este de asemenea personajul principal al &#8220;Re\u021belei citostaticelor&#8221;, o re\u021bea prin intermediul c\u0103rora bolnavilor de cancer li se aduceau din str\u0103in\u0103tate medicamentele care lipseau din Rom\u00e2nia.<\/div>\n<p> Source URL: https:\/\/observatornews.ro\/politic\/vlad-voiculescu-propus-pentru-postul-de-ministru-al-sanataii-178103.html<\/p>\n","protected":false},"excerpt":{"rendered":"<p>Premierul Dacian Ciolo\u0219 i-a propus mar\u021bi lui Vlad Voiculescu s\u0103 preia portofoliul de ministru al S\u0103n\u0103t\u0103\u021bii, iar acesta a acceptat, au declarat pentru Agerpres surse oficiale. Premierul Dacian Ciolo\u0219 i-a propus mar\u021bi lui Vlad Voiculescu s\u0103 preia portofoliul de ministru al S\u0103n\u0103t\u0103\u021bii, iar acesta a acceptat, au declarat pentru Agerpres surse oficiale. Economistul Vlad Voiculescu\u00a0a [&hellip;]<\/p>\n","protected":false},"author":1,"featured_media":371319,"comment_status":"open","ping_status":"","sticky":false,"template":"","format":"standard","meta":{"footnotes":""},"categories":[2],"tags":[30],"class_list":["post-371318","post","type-post","status-publish","format-standard","has-post-thumbnail","hentry","category-politics","tag-observatornews-ro"],"_links":{"self":[{"href":"https:\/\/analyse.optim.biz\/index.php?rest_route=\/wp\/v2\/posts\/371318","targetHints":{"allow":["GET"]}}],"collection":[{"href":"https:\/\/analyse.optim.biz\/index.php?rest_route=\/wp\/v2\/posts"}],"about":[{"href":"https:\/\/analyse.optim.biz\/index.php?rest_route=\/wp\/v2\/types\/post"}],"author":[{"embeddable":true,"href":"https:\/\/analyse.optim.biz\/index.php?rest_route=\/wp\/v2\/users\/1"}],"replies":[{"embeddable":true,"href":"https:\/\/analyse.optim.biz\/index.php?rest_route=%2Fwp%2Fv2%2Fcomments&post=371318"}],"version-history":[{"count":0,"href":"https:\/\/analyse.optim.biz\/index.php?rest_route=\/wp\/v2\/posts\/371318\/revisions"}],"wp:featuredmedia":[{"embeddable":true,"href":"https:\/\/analyse.optim.biz\/index.php?rest_route=\/wp\/v2\/media\/371319"}],"wp:attachment":[{"href":"https:\/\/analyse.optim.biz\/index.php?rest_route=%2Fwp%2Fv2%2Fmedia&parent=371318"}],"wp:term":[{"taxonomy":"category","embeddable":true,"href":"https:\/\/analyse.optim.biz\/index.php?rest_route=%2Fwp%2Fv2%2Fcategories&post=371318"},{"taxonomy":"post_tag","embeddable":true,"href":"https:\/\/analyse.optim.biz\/index.php?rest_route=%2Fwp%2Fv2%2Ftags&post=371318"}],"curies":[{"name":"wp","href":"https:\/\/api.w.org\/{rel}","templated":true}]}}