{"id":371282,"date":"2016-05-18T06:41:00","date_gmt":"2016-05-18T03:41:00","guid":{"rendered":"https:\/\/analyse.optim.biz\/?p=371282"},"modified":"2016-05-18T06:41:00","modified_gmt":"2016-05-18T03:41:00","slug":"dragnea-victor-ponta-a-decis-sa-se-reactiveze-noua-echipa-de-conducere-a-psd-va-fi-stabilita-in-2017","status":"publish","type":"post","link":"https:\/\/analyse.optim.biz\/?p=371282","title":{"rendered":"Dragnea: Victor Ponta a decis s\u0103 se reactiveze. Noua echip\u0103 de conducere a PSD va fi stabilit\u0103 \u00een 2017"},"content":{"rendered":"<div class=\"description\" data-key=\"description\">Pre\u0219edintele PSD, Liviu Dragnea, a declarat c\u0103 revenirea lui Victor Ponta \u00een prim-planul politicii se datoreaz\u0103 exclusiv deciziilor acestuia \u0219i a precizat c\u0103 noua echip\u0103 de conducere a social-democra\u021bilor va fi aleas\u0103 la \u00eenceputul lui 2017.<\/div>\n<div class=\"articleBody\" data-key=\"articleBody\">Pre\u0219edintele PSD, Liviu Dragnea, a declarat c\u0103 revenirea lui Victor Ponta \u00een prim-planul politicii se datoreaz\u0103 exclusiv deciziilor acestuia \u0219i a precizat c\u0103 noua echip\u0103 de conducere a social-democra\u021bilor va fi aleas\u0103 la \u00eenceputul lui 2017.<br \/>\n&#8220;Victor Ponta nu a fost undeva \u00eentr-un sertar \u0219i trebuia ap\u0103sat pe un buton. Nu l-am pus eu, nu l-a pus altcineva. Victor Ponta a luat o decizie, s\u0103 stea pu\u021bin pe margine. Tot el a luat decizia s\u0103 se reactiveze. Este un om responsabil \u0219i un om matur. Ia deciziile singur&#8221;, a spus Dragnea, potrivit Agerpres.<br \/>\nReferindu-se la posibilitatea ca Ponta s\u0103 redevin\u0103 pre\u0219edinte al PSD, Dragnea a sus\u021binut c\u0103 func\u021bia de pre\u0219edinte al PSD nu aduce mari avantaje.<br \/>\n&#8220;Func\u021bia de pre\u0219edinte al PSD nu \u00ee\u021bi aduce mari avantaje, ba dimpotriv\u0103. Aici este vorba de asumarea unor responsabilit\u0103\u021bi. Nu a sc\u0103pat niciun pre\u0219edinte al PSD f\u0103r\u0103 s\u0103 aib\u0103 m\u0103car o m\u00e2nec\u0103 rupt\u0103. Mircea Geoan\u0103 a sc\u0103pat c\u0103 a dat ceasurile \u00eenapoi&#8221;, a mai spus Dragnea.<br \/>\nTotodat\u0103, el a precizat c\u0103 noua echip\u0103 de conducere a partidului va fi format\u0103 la \u00eenceputul anului 2017.<br \/>\n&#8221;Reforma \u00een partid este prima etap\u0103, a doua etap\u0103 va fi la parlamentare \u0219i a treia etap\u0103 c\u00e2nd va fi format\u0103 noua echip\u0103 de conducere \u00een PSD, la \u00eenceputul anului 2017. Cu mine sau f\u0103r\u0103 mine, PSD-ul va avea noul lider la \u00eenceputul anului 2017, asta este categoric&#8221;, a ad\u0103ugat Dragnea, ar\u0103t\u00e2nd c\u0103 \u00ee\u0219i dore\u0219te sa mai aib\u0103 dreptul s\u0103 intre \u00een sediul din Kiseleff.<br \/>\n&#8221;Eu, condamnat la moarte sau la pu\u0219c\u0103rie p\u00e2n\u0103 \u00een decembrie 2016 nu o s\u0103 fiu. Dac\u0103 aleg s\u0103 mor, mor \u00een picioare&#8221;, a completat Dragnea.\n<\/div>\n<p> Source URL: https:\/\/observatornews.ro\/politic\/dragnea-victor-ponta-a-decis-sa-se-reactiveze-noua-echipa-de-conducere-a-psd-va-fi-stabilita-in-2017-178164.html<\/p>\n","protected":false},"excerpt":{"rendered":"<p>Pre\u0219edintele PSD, Liviu Dragnea, a declarat c\u0103 revenirea lui Victor Ponta \u00een prim-planul politicii se datoreaz\u0103 exclusiv deciziilor acestuia \u0219i a precizat c\u0103 noua echip\u0103 de conducere a social-democra\u021bilor va fi aleas\u0103 la \u00eenceputul lui 2017. Pre\u0219edintele PSD, Liviu Dragnea, a declarat c\u0103 revenirea lui Victor Ponta \u00een prim-planul politicii se datoreaz\u0103 exclusiv deciziilor acestuia [&hellip;]<\/p>\n","protected":false},"author":1,"featured_media":0,"comment_status":"open","ping_status":"","sticky":false,"template":"","format":"standard","meta":{"footnotes":""},"categories":[2],"tags":[30],"class_list":["post-371282","post","type-post","status-publish","format-standard","hentry","category-politics","tag-observatornews-ro"],"_links":{"self":[{"href":"https:\/\/analyse.optim.biz\/index.php?rest_route=\/wp\/v2\/posts\/371282","targetHints":{"allow":["GET"]}}],"collection":[{"href":"https:\/\/analyse.optim.biz\/index.php?rest_route=\/wp\/v2\/posts"}],"about":[{"href":"https:\/\/analyse.optim.biz\/index.php?rest_route=\/wp\/v2\/types\/post"}],"author":[{"embeddable":true,"href":"https:\/\/analyse.optim.biz\/index.php?rest_route=\/wp\/v2\/users\/1"}],"replies":[{"embeddable":true,"href":"https:\/\/analyse.optim.biz\/index.php?rest_route=%2Fwp%2Fv2%2Fcomments&post=371282"}],"version-history":[{"count":0,"href":"https:\/\/analyse.optim.biz\/index.php?rest_route=\/wp\/v2\/posts\/371282\/revisions"}],"wp:attachment":[{"href":"https:\/\/analyse.optim.biz\/index.php?rest_route=%2Fwp%2Fv2%2Fmedia&parent=371282"}],"wp:term":[{"taxonomy":"category","embeddable":true,"href":"https:\/\/analyse.optim.biz\/index.php?rest_route=%2Fwp%2Fv2%2Fcategories&post=371282"},{"taxonomy":"post_tag","embeddable":true,"href":"https:\/\/analyse.optim.biz\/index.php?rest_route=%2Fwp%2Fv2%2Ftags&post=371282"}],"curies":[{"name":"wp","href":"https:\/\/api.w.org\/{rel}","templated":true}]}}