{"id":371280,"date":"2016-05-23T09:15:00","date_gmt":"2016-05-23T06:15:00","guid":{"rendered":"https:\/\/analyse.optim.biz\/?p=371280"},"modified":"2016-05-23T09:15:00","modified_gmt":"2016-05-23T06:15:00","slug":"premierul-dacian-ciolos-a-plecat-in-statele-unite-ale-americii","status":"publish","type":"post","link":"https:\/\/analyse.optim.biz\/?p=371280","title":{"rendered":"Premierul Dacian Ciolo\u0219 a plecat \u00een Statele Unite ale Americii"},"content":{"rendered":"<div class=\"description\" data-key=\"description\">Premierul Dacian Ciolo\u0219 \u0219i-a \u00eenceput duminic\u0103 seara, la Detroit, vizita de lucru de patru zile \u00een Statele Unite ale Americii, unde va avea \u00eent\u00e2lniri cu vicepre\u0219edintele SUA, Joseph Biden, \u0219i al\u021bi oficiali americani, precum \u0219i cu reprezentan\u021bi ai mediului de afaceri \u0219i membri ai comunit\u0103\u021bii rom\u00e2ne\u0219ti din zona Washington.<\/div>\n<div class=\"articleBody\" data-key=\"articleBody\">Premierul Dacian Ciolo\u0219 \u0219i-a \u00eenceput duminic\u0103 seara, la Detroit, vizita de lucru de patru zile \u00een Statele Unite ale Americii, unde va avea \u00eent\u00e2lniri cu vicepre\u0219edintele SUA, Joseph Biden, \u0219i al\u021bi oficiali americani, precum \u0219i cu reprezentan\u021bi ai mediului de afaceri \u0219i membri ai comunit\u0103\u021bii rom\u00e2ne\u0219ti din zona Washington.<br \/>\nLuni diminea\u021b\u0103, premierul viziteaz\u0103 centrul de cercetare-inovare al Ford Motor Company, unde are prev\u0103zut\u0103 o \u00eent\u00e2lnire cu ingineri rom\u00e2ni care lucreaz\u0103 pentru compania american\u0103.<br \/>\nUlterior, Dacian Ciolo\u0219 discut\u0103 cu reprezentan\u021bi ai unor companii americane \u00een cadrul unui dineu de lucru, urmat de o \u00eentrevedere cu Mark Fields, CEO Ford Motor Company, la sediul central al companiei Ford.<br \/>\n&#8220;O s\u0103 am \u0219i o vizit\u0103 la Detroit, la compania Ford, pentru a-i \u00eencuraja s\u0103 continue investi\u021biile \u00een Rom\u00e2nia. Noi, \u00een ultimele luni, am deblocat anumite probleme care \u00eempiedicau decizia Ford de a continua investi\u021bia la Craiova. Aceast\u0103 decizie a fost luat\u0103, \u00eens\u0103 cred c\u0103 \u0219i \u00een jurul acestui proiect de investi\u021bii de la Craiova se mai pot dezvolta \u0219i alte investi\u021bii cu furnizori, at\u00e2t furnizori pentru Ford, veni\u021bi din Statele Unite, c\u00e2t \u0219i parteneriate cu companii rom\u00e2ne\u0219ti&#8221;, a declarat Ciolo\u0219.<br \/>\n\u00cen cursul dup\u0103-amiezii de luni, prim-ministrul \u0219i delega\u021bia oficial\u0103 se vor deplasa la Washington, seara fiind prev\u0103zut \u00een program un dineu informal cu fo\u0219ti ambasadori americani \u00een Romania.\n<\/div>\n<p> Source URL: https:\/\/observatornews.ro\/politic\/premierul-dacian-ciolo-a-plecat-in-statele-unite-ale-americii-178461.html<\/p>\n","protected":false},"excerpt":{"rendered":"<p>Premierul Dacian Ciolo\u0219 \u0219i-a \u00eenceput duminic\u0103 seara, la Detroit, vizita de lucru de patru zile \u00een Statele Unite ale Americii, unde va avea \u00eent\u00e2lniri cu vicepre\u0219edintele SUA, Joseph Biden, \u0219i al\u021bi oficiali americani, precum \u0219i cu reprezentan\u021bi ai mediului de afaceri \u0219i membri ai comunit\u0103\u021bii rom\u00e2ne\u0219ti din zona Washington. Premierul Dacian Ciolo\u0219 \u0219i-a \u00eenceput duminic\u0103 [&hellip;]<\/p>\n","protected":false},"author":1,"featured_media":0,"comment_status":"open","ping_status":"","sticky":false,"template":"","format":"standard","meta":{"footnotes":""},"categories":[2],"tags":[30],"class_list":["post-371280","post","type-post","status-publish","format-standard","hentry","category-politics","tag-observatornews-ro"],"_links":{"self":[{"href":"https:\/\/analyse.optim.biz\/index.php?rest_route=\/wp\/v2\/posts\/371280","targetHints":{"allow":["GET"]}}],"collection":[{"href":"https:\/\/analyse.optim.biz\/index.php?rest_route=\/wp\/v2\/posts"}],"about":[{"href":"https:\/\/analyse.optim.biz\/index.php?rest_route=\/wp\/v2\/types\/post"}],"author":[{"embeddable":true,"href":"https:\/\/analyse.optim.biz\/index.php?rest_route=\/wp\/v2\/users\/1"}],"replies":[{"embeddable":true,"href":"https:\/\/analyse.optim.biz\/index.php?rest_route=%2Fwp%2Fv2%2Fcomments&post=371280"}],"version-history":[{"count":0,"href":"https:\/\/analyse.optim.biz\/index.php?rest_route=\/wp\/v2\/posts\/371280\/revisions"}],"wp:attachment":[{"href":"https:\/\/analyse.optim.biz\/index.php?rest_route=%2Fwp%2Fv2%2Fmedia&parent=371280"}],"wp:term":[{"taxonomy":"category","embeddable":true,"href":"https:\/\/analyse.optim.biz\/index.php?rest_route=%2Fwp%2Fv2%2Fcategories&post=371280"},{"taxonomy":"post_tag","embeddable":true,"href":"https:\/\/analyse.optim.biz\/index.php?rest_route=%2Fwp%2Fv2%2Ftags&post=371280"}],"curies":[{"name":"wp","href":"https:\/\/api.w.org\/{rel}","templated":true}]}}