{"id":371278,"date":"2016-05-24T10:18:00","date_gmt":"2016-05-24T07:18:00","guid":{"rendered":"https:\/\/analyse.optim.biz\/?p=371278"},"modified":"2016-05-24T10:18:00","modified_gmt":"2016-05-24T07:18:00","slug":"calin-popescu-tariceanu-urmarit-penal-de-dna-de-ce-este-acuzat-presedintele-senatului","status":"publish","type":"post","link":"https:\/\/analyse.optim.biz\/?p=371278","title":{"rendered":"C\u0103lin Popescu-T\u0103riceanu, urm\u0103rit penal de DNA. De ce este acuzat pre\u015fedintele Senatului"},"content":{"rendered":"<div class=\"description\" data-key=\"description\">Procurorii DNA Bra\u0219ov au dispus efectuarea urm\u0103ririi penale fa\u021b\u0103 de pre\u0219edintele Senatului, C\u0103lin Popescu-T\u0103riceanu, pentru comiterea infrac\u021biunilor de m\u0103rturie mincinoas\u0103 \u0219i favorizarea f\u0103ptuitorului.<\/div>\n<div class=\"articleBody\" data-key=\"articleBody\">Procurorii DNA Bra\u0219ov au dispus efectuarea urm\u0103ririi penale fa\u021b\u0103 de pre\u0219edintele Senatului, C\u0103lin Popescu-T\u0103riceanu, pentru comiterea infrac\u021biunilor de m\u0103rturie mincinoas\u0103 \u0219i favorizarea f\u0103ptuitorului.<br \/>\nDNA precizeaz\u0103, \u00eentr-un comunicat transmis Agerpres, c\u0103, \u00een cadrul actelor de cercetare efectuate pentru l\u0103murirea cauzei referitoare la retrocedarea presupus nelegal\u0103 a unei suprafe\u021be din P\u0103durea Snagov \u0219i a Fermei B\u0103neasa (a c\u0103rei trimitere \u00een judecat\u0103 a fost mediatizat\u0103 \u00een 18 mai) s-a dispus citarea lui C\u0103lin Popescu-T\u0103riceanu, pentru a fi audiat ca martor.<br \/>\n&#8220;Aceast\u0103 citare a fost necesar\u0103 \u00een condi\u021biile \u00een care existau indicii c\u0103 el ar avea cuno\u0219tin\u021b\u0103 despre activitatea infrac\u021bional\u0103 a grupului sus men\u021bionat, prin prisma rela\u021biilor de afaceri sau de prietenie avute cu membrii acestui grup. Fiind audiat \u00een 15 aprilie, \u00een depozi\u021bia luat\u0103 sub jur\u0103m\u00e2nt, acesta a f\u0103cut declara\u021bii necorespunz\u0103toare adev\u0103rului cu privire la aspecte esen\u021biale ale cauzei asupra c\u0103rora a fost \u00eentrebat \u0219i nu a spus tot ce \u0219tie \u00een leg\u0103tur\u0103 cu \u00eemprejur\u0103ri esen\u021biale, urm\u0103rind prin aceasta \u00eempiedicarea \/ \u00eengreunarea cercet\u0103rilor \u0219i a tragerii la r\u0103spundere penal\u0103 a inculpa\u021bilor cerceta\u021bi \u00een dosarul trimis \u00een judecat\u0103&#8221;, sus\u021bin procurorii.<br \/>\nPotrivit DNA, C\u0103lin Popescu-T\u0103riceanu a men\u021bionat \u00een mod nereal c\u0103 nu a avut cuno\u0219tin\u021b\u0103 de achizi\u021bionarea drepturilor succesorale ale prin\u021bului Paul de c\u0103tre Tal Silberstein, Remus Truic\u0103 \u0219i al\u021bii \u0219i c\u0103 nu a discutat cu cel din urm\u0103 despre taxele notariale.<br \/>\n&#8220;Acesta a mai declarat c\u0103 nu are rela\u021bii apropiate \u0219i nu a p\u0103strat leg\u0103tura cu inculpa\u021bii Dan Andronic \u0219i Tal Silberstein, cu care s-a \u00eent\u00e2lnit doar sporadic, afl\u00e2nd din pres\u0103, ca urmare a comunicatelor DNA despre acest dosar. A precizat, de asemenea, c\u0103 nu l-a prezentat\/introdus pe Tal Silberstein altor politicieni din Rom\u00e2nia. A mai precizat c\u0103 nu a avut o rela\u021bie apropiat\u0103 cu inculpatul Marius Marcovici, ascunz\u00e2nd totodat\u0103 c\u0103 are cuno\u0219tin\u021b\u0103 de rela\u021bia acestuia din urm\u0103 cu Silberstein. Aceste declara\u021bii sunt aspecte necorespunz\u0103toare adev\u0103rului, fiind contrazise de probatoriul administrat \u00een cauz\u0103 (declara\u021bii ale martorilor, suspec\u021bilor \u0219i alte mijloace de prob\u0103)&#8221;, se mai arat\u0103 \u00een comunicat.<br \/>\nDNA precizeaz\u0103 c\u0103 suspectului i s-au adus la cuno\u0219tin\u021b\u0103 calitatea procesual\u0103 \u0219i acuza\u021biile.<\/div>\n<p> Source URL: https:\/\/observatornews.ro\/politic\/calin-popescutariceanu-urmarit-penal-de-dna-de-ce-este-acuzat-presedintele-senatului-178529.html<\/p>\n","protected":false},"excerpt":{"rendered":"<p>Procurorii DNA Bra\u0219ov au dispus efectuarea urm\u0103ririi penale fa\u021b\u0103 de pre\u0219edintele Senatului, C\u0103lin Popescu-T\u0103riceanu, pentru comiterea infrac\u021biunilor de m\u0103rturie mincinoas\u0103 \u0219i favorizarea f\u0103ptuitorului. Procurorii DNA Bra\u0219ov au dispus efectuarea urm\u0103ririi penale fa\u021b\u0103 de pre\u0219edintele Senatului, C\u0103lin Popescu-T\u0103riceanu, pentru comiterea infrac\u021biunilor de m\u0103rturie mincinoas\u0103 \u0219i favorizarea f\u0103ptuitorului. DNA precizeaz\u0103, \u00eentr-un comunicat transmis Agerpres, c\u0103, \u00een cadrul [&hellip;]<\/p>\n","protected":false},"author":1,"featured_media":371279,"comment_status":"open","ping_status":"","sticky":false,"template":"","format":"standard","meta":{"footnotes":""},"categories":[2],"tags":[30],"class_list":["post-371278","post","type-post","status-publish","format-standard","has-post-thumbnail","hentry","category-politics","tag-observatornews-ro"],"_links":{"self":[{"href":"https:\/\/analyse.optim.biz\/index.php?rest_route=\/wp\/v2\/posts\/371278","targetHints":{"allow":["GET"]}}],"collection":[{"href":"https:\/\/analyse.optim.biz\/index.php?rest_route=\/wp\/v2\/posts"}],"about":[{"href":"https:\/\/analyse.optim.biz\/index.php?rest_route=\/wp\/v2\/types\/post"}],"author":[{"embeddable":true,"href":"https:\/\/analyse.optim.biz\/index.php?rest_route=\/wp\/v2\/users\/1"}],"replies":[{"embeddable":true,"href":"https:\/\/analyse.optim.biz\/index.php?rest_route=%2Fwp%2Fv2%2Fcomments&post=371278"}],"version-history":[{"count":0,"href":"https:\/\/analyse.optim.biz\/index.php?rest_route=\/wp\/v2\/posts\/371278\/revisions"}],"wp:featuredmedia":[{"embeddable":true,"href":"https:\/\/analyse.optim.biz\/index.php?rest_route=\/wp\/v2\/media\/371279"}],"wp:attachment":[{"href":"https:\/\/analyse.optim.biz\/index.php?rest_route=%2Fwp%2Fv2%2Fmedia&parent=371278"}],"wp:term":[{"taxonomy":"category","embeddable":true,"href":"https:\/\/analyse.optim.biz\/index.php?rest_route=%2Fwp%2Fv2%2Fcategories&post=371278"},{"taxonomy":"post_tag","embeddable":true,"href":"https:\/\/analyse.optim.biz\/index.php?rest_route=%2Fwp%2Fv2%2Ftags&post=371278"}],"curies":[{"name":"wp","href":"https:\/\/api.w.org\/{rel}","templated":true}]}}