{"id":371125,"date":"2016-06-07T13:02:00","date_gmt":"2016-06-07T10:02:00","guid":{"rendered":"https:\/\/analyse.optim.biz\/?p=371125"},"modified":"2016-06-07T13:02:00","modified_gmt":"2016-06-07T10:02:00","slug":"gabriela-vranceanu-firea-noul-primar-al-capitalei-ia-primele-decizii","status":"publish","type":"post","link":"https:\/\/analyse.optim.biz\/?p=371125","title":{"rendered":"Gabriela Vr\u00e2nceanu-Firea, noul primar al Capitalei, ia primele decizii"},"content":{"rendered":"<div class=\"description\" data-key=\"description\">Gabriela Vr\u00e2nceanu-Firea, c\u00e2\u015ftig\u0103toarea alegerilor pentru func\u0163ia de primar general al Capitalei, a declarat c\u0103, dup\u0103 ce se va instala la Prim\u0103rie, va lua o serie de decizii importante. Printre \u201curgen\u0163ele\u201d enumerate se num\u0103r\u0103 semnarea contractului pentru dezinsec\u0163ie \u015fi reintroducerea \u00een trafic a celor 330 de autobuze \u201cblocate \u00een garaj pentru c\u0103 nu au piese\u201d.<\/div>\n<div class=\"articleBody\" data-key=\"articleBody\">Gabriela Vr\u00e2nceanu-Firea, c\u00e2\u015ftig\u0103toarea alegerilor pentru func\u0163ia de primar general al Capitalei, a declarat c\u0103, dup\u0103 ce se va instala la Prim\u0103rie, va lua o serie de decizii importante. Printre \u201curgen\u0163ele\u201d enumerate se num\u0103r\u0103 semnarea contractului pentru dezinsec\u0163ie \u015fi reintroducerea \u00een trafic a celor 330 de autobuze \u201cblocate \u00een garaj pentru c\u0103 nu au piese\u201d.<br \/>\n\u201cUrgen\u0163a este, \u015fi mi-a fost semnalat\u0103 de bucure\u015fteni, semnarea contractului pentru dezinsec\u0163ie. Sunt foarte mul\u0163i \u0163\u00e2n\u0163ari \u00een Bucure\u015fti, \u015foareci \u015fi \u015fobolani. P\u0103rin\u0163ii sunt dispera\u0163i, merg cu copiii \u00een parc \u015fi vin cu ei aproape tumefia\u0163i de pi\u015fc\u0103turile de la insecte. Asta e ceva care trebuia f\u0103cut din decembrie \u015fi a trebuit s\u0103 ajungem noi la Prim\u0103ria General\u0103 pentru a urgenta lucrurile\u201d, a declarat Firea.<br \/>\nDe asemenea, noul primar al Capitalei a ad\u0103ugat: \u201cApoi, \u00een prima \u015fedin\u0163\u0103 a Consiliului General, va trebui aprobat\u0103 strategia energetic\u0103, pe baza c\u0103reia s\u0103 se stabileasc\u0103 caietul de sarcini \u015fi, de asemenea, s\u0103 se poat\u0103 ridica aplica\u0163ia privind cele 187 de milioane de euro &#8211; suma necesar\u0103 moderniz\u0103rii RADET-ului, pentru c\u0103, \u00een foarte scurt timp, va veni anotimpul rece \u015fi bucure\u015ftenii trebuie s\u0103 aib\u0103 ap\u0103 cald\u0103 \u015fi c\u0103ldur\u0103 \u015fi, dac\u0103 se poate, \u015fi o factur\u0103 redus\u0103\u201d.<\/div>\n<p> Source URL: https:\/\/observatornews.ro\/politic\/gabriela-vranceanufirea-noul-primar-al-capitalei-ia-primele-decizii-179314.html<\/p>\n","protected":false},"excerpt":{"rendered":"<p>Gabriela Vr\u00e2nceanu-Firea, c\u00e2\u015ftig\u0103toarea alegerilor pentru func\u0163ia de primar general al Capitalei, a declarat c\u0103, dup\u0103 ce se va instala la Prim\u0103rie, va lua o serie de decizii importante. Printre \u201curgen\u0163ele\u201d enumerate se num\u0103r\u0103 semnarea contractului pentru dezinsec\u0163ie \u015fi reintroducerea \u00een trafic a celor 330 de autobuze \u201cblocate \u00een garaj pentru c\u0103 nu au piese\u201d. Gabriela [&hellip;]<\/p>\n","protected":false},"author":1,"featured_media":371126,"comment_status":"open","ping_status":"","sticky":false,"template":"","format":"standard","meta":{"footnotes":""},"categories":[2],"tags":[30],"class_list":["post-371125","post","type-post","status-publish","format-standard","has-post-thumbnail","hentry","category-politics","tag-observatornews-ro"],"_links":{"self":[{"href":"https:\/\/analyse.optim.biz\/index.php?rest_route=\/wp\/v2\/posts\/371125","targetHints":{"allow":["GET"]}}],"collection":[{"href":"https:\/\/analyse.optim.biz\/index.php?rest_route=\/wp\/v2\/posts"}],"about":[{"href":"https:\/\/analyse.optim.biz\/index.php?rest_route=\/wp\/v2\/types\/post"}],"author":[{"embeddable":true,"href":"https:\/\/analyse.optim.biz\/index.php?rest_route=\/wp\/v2\/users\/1"}],"replies":[{"embeddable":true,"href":"https:\/\/analyse.optim.biz\/index.php?rest_route=%2Fwp%2Fv2%2Fcomments&post=371125"}],"version-history":[{"count":0,"href":"https:\/\/analyse.optim.biz\/index.php?rest_route=\/wp\/v2\/posts\/371125\/revisions"}],"wp:featuredmedia":[{"embeddable":true,"href":"https:\/\/analyse.optim.biz\/index.php?rest_route=\/wp\/v2\/media\/371126"}],"wp:attachment":[{"href":"https:\/\/analyse.optim.biz\/index.php?rest_route=%2Fwp%2Fv2%2Fmedia&parent=371125"}],"wp:term":[{"taxonomy":"category","embeddable":true,"href":"https:\/\/analyse.optim.biz\/index.php?rest_route=%2Fwp%2Fv2%2Fcategories&post=371125"},{"taxonomy":"post_tag","embeddable":true,"href":"https:\/\/analyse.optim.biz\/index.php?rest_route=%2Fwp%2Fv2%2Ftags&post=371125"}],"curies":[{"name":"wp","href":"https:\/\/api.w.org\/{rel}","templated":true}]}}