{"id":371042,"date":"2016-06-22T16:40:11","date_gmt":"2016-06-22T13:40:11","guid":{"rendered":"https:\/\/analyse.optim.biz\/?p=371042"},"modified":"2016-06-22T16:40:11","modified_gmt":"2016-06-22T13:40:11","slug":"parlamentarii-si-au-modificat-statutul-inainte-de-a-intra-in-vacanta","status":"publish","type":"post","link":"https:\/\/analyse.optim.biz\/?p=371042","title":{"rendered":"Parlamentarii \u0219i-au modificat statutul \u00eenainte de a intra \u00een vacan\u021b\u0103"},"content":{"rendered":"<div class=\"description\" data-key=\"description\">\u00cenainte s\u0103 plece \u00een vacan\u0163\u0103, ale\u015fii au votat \u00een interes de familie. Statutul parlamentarului a fost modificat astfel \u00eenc\u00e2t senatorii \u015fi deputa\u0163ii care \u015fi-au angajat rudele la cabinete p\u00e2n\u0103 \u00een 2013, s\u0103 nu p\u0103\u0163easc\u0103 nimic.<\/div>\n<div class=\"articleBody\" data-key=\"articleBody\">\u00cenainte s\u0103 plece \u00een vacan\u0163\u0103, ale\u015fii au votat \u00een interes de familie. Statutul parlamentarului a fost modificat astfel \u00eenc\u00e2t senatorii \u015fi deputa\u0163ii care \u015fi-au angajat rudele la cabinete p\u00e2n\u0103 \u00een 2013, s\u0103 nu p\u0103\u0163easc\u0103 nimic.<\/div>\n<p> Source URL: https:\/\/observatornews.ro\/politic\/parlamentarii-siau-modificat-statutul-inainte-de-a-intra-in-vacanta-180368.html<\/p>\n","protected":false},"excerpt":{"rendered":"<p>\u00cenainte s\u0103 plece \u00een vacan\u0163\u0103, ale\u015fii au votat \u00een interes de familie. Statutul parlamentarului a fost modificat astfel \u00eenc\u00e2t senatorii \u015fi deputa\u0163ii care \u015fi-au angajat rudele la cabinete p\u00e2n\u0103 \u00een 2013, s\u0103 nu p\u0103\u0163easc\u0103 nimic. \u00cenainte s\u0103 plece \u00een vacan\u0163\u0103, ale\u015fii au votat \u00een interes de familie. Statutul parlamentarului a fost modificat astfel \u00eenc\u00e2t senatorii [&hellip;]<\/p>\n","protected":false},"author":1,"featured_media":0,"comment_status":"open","ping_status":"","sticky":false,"template":"","format":"standard","meta":{"footnotes":""},"categories":[2],"tags":[30],"class_list":["post-371042","post","type-post","status-publish","format-standard","hentry","category-politics","tag-observatornews-ro"],"_links":{"self":[{"href":"https:\/\/analyse.optim.biz\/index.php?rest_route=\/wp\/v2\/posts\/371042","targetHints":{"allow":["GET"]}}],"collection":[{"href":"https:\/\/analyse.optim.biz\/index.php?rest_route=\/wp\/v2\/posts"}],"about":[{"href":"https:\/\/analyse.optim.biz\/index.php?rest_route=\/wp\/v2\/types\/post"}],"author":[{"embeddable":true,"href":"https:\/\/analyse.optim.biz\/index.php?rest_route=\/wp\/v2\/users\/1"}],"replies":[{"embeddable":true,"href":"https:\/\/analyse.optim.biz\/index.php?rest_route=%2Fwp%2Fv2%2Fcomments&post=371042"}],"version-history":[{"count":0,"href":"https:\/\/analyse.optim.biz\/index.php?rest_route=\/wp\/v2\/posts\/371042\/revisions"}],"wp:attachment":[{"href":"https:\/\/analyse.optim.biz\/index.php?rest_route=%2Fwp%2Fv2%2Fmedia&parent=371042"}],"wp:term":[{"taxonomy":"category","embeddable":true,"href":"https:\/\/analyse.optim.biz\/index.php?rest_route=%2Fwp%2Fv2%2Fcategories&post=371042"},{"taxonomy":"post_tag","embeddable":true,"href":"https:\/\/analyse.optim.biz\/index.php?rest_route=%2Fwp%2Fv2%2Ftags&post=371042"}],"curies":[{"name":"wp","href":"https:\/\/api.w.org\/{rel}","templated":true}]}}