{"id":370800,"date":"2016-07-07T13:09:00","date_gmt":"2016-07-07T10:09:00","guid":{"rendered":"https:\/\/analyse.optim.biz\/?p=370800"},"modified":"2016-07-07T13:09:00","modified_gmt":"2016-07-07T10:09:00","slug":"breaking-news-calin-popescu-tariceanu-trimis-in-judecata-de-dna","status":"publish","type":"post","link":"https:\/\/analyse.optim.biz\/?p=370800","title":{"rendered":"BREAKING NEWS: C\u0103lin Popescu-T\u0103riceanu, trimis \u00een judecat\u0103 de DNA"},"content":{"rendered":"<div class=\"description\" data-key=\"description\">Pre\u0219edintele Senatului, C\u0103lin Popescu-T\u0103riceanu, a fost trimis \u00een judecat\u0103 de DNA pentru s\u0103v\u00e2r\u0219irea infrac\u021biunilor de m\u0103rturie mincinoas\u0103 \u0219i favorizarea f\u0103ptuitorului.<\/div>\n<div class=\"articleBody\" data-key=\"articleBody\">Pre\u0219edintele Senatului, C\u0103lin Popescu-T\u0103riceanu, a fost trimis \u00een judecat\u0103 de DNA pentru s\u0103v\u00e2r\u0219irea infrac\u021biunilor de m\u0103rturie mincinoas\u0103 \u0219i favorizarea f\u0103ptuitorului.<br \/>\n\u00cen rechizitoriul \u00eentocmit de procurorii anticorup\u021bie se arat\u0103 c\u0103, \u00een cadrul actelor de cercetare efectuate pentru l\u0103murirea cauzei referitoare la retrocedarea presupus nelegal\u0103 a unei suprafe\u021be din P\u0103durea Snagov \u0219i a Fermei B\u0103neasa, T\u0103riceanu a f\u0103cut, sub jur\u0103m\u00e2nt, la data de 15 aprilie 2016, declara\u021bii necorespunz\u0103toare adev\u0103rului cu privire la aspecte esen\u021biale ale cauzei asupra c\u0103rora a fost \u00eentrebat \u0219i nu a spus tot ce \u0219tie \u00een leg\u0103tur\u0103 cu \u00eemprejur\u0103ri esen\u021biale, urm\u0103rind prin aceasta \u00eempiedicarea\/ \u00eengreunarea tragerii la r\u0103spundere penal\u0103 a inculpa\u021bilor cerceta\u021bi \u00een dosarul trimis \u00een judecat\u0103.<br \/>\nAstfel, T\u0103riceanu a sus\u021binut \u00een mod nereal c\u0103 nu a avut cuno\u0219tin\u021b\u0103 despre retrocedarea c\u0103tre Paul Philippe Al Rom\u00e2niei a unor suprafe\u021be de teren \u00een B\u0103neasa (fosta ferm\u0103 regal\u0103) \u0219i Snagov (trunchiul de p\u0103dure Fundul Sacului), despre implicarea inculpa\u021bilor Tal Silberstein, Beny Steinmetz, Moshe Agavi \u0219i a altor persoane \u00een procedurile de retrocedare \u0219i nici despre actele de v\u00e2nzare-cump\u0103rare viz\u00e2nd aceste bunuri.<br \/>\nTotodat\u0103, C\u0103lin Popescu-T\u0103riceanu este acuzat c\u0103 a mai f\u0103cut declara\u021bii necorespunz\u0103toare adev\u0103rului \u0219i nu a spus tot ce \u0219tie \u00een leg\u0103tur\u0103 cu rela\u021bia avut\u0103 cu inculpa\u021bii Tal Silberstein, Dan C\u0103t\u0103lin Andronic \u0219i Remus Truic\u0103, cu \u00eent\u00e2lnirile \u0219i discu\u021biile purtate cu acesta din urm\u0103 referitor la taxele notariale privind tranzac\u021bionarea imobilelor men\u021bionate \u0219i modalitatea de dob\u00e2ndire \u0219i valorificare a bunurilor revendicate.<br \/>\n\u201c\u00cen acela\u0219i context, inculpatul a mai precizat c\u0103 nu a avut o rela\u021bie apropiat\u0103 cu inculpatul Marcovici Marius, ascunz\u00e2nd totodat\u0103 c\u0103 are cuno\u0219tin\u021b\u0103 de rela\u021bia acestuia din urm\u0103 cu inculpatul Tal Silberstein. Totodat\u0103, inculpatul Popescu T\u0103riceanu C\u0103lin Constantin Anton a afirmat \u00een mod nereal c\u0103 nu l-a prezentat\/introdus pe Tal Silberstein altor politicieni din Rom\u00e2nia\u201d, spun procurorii.\n<\/div>\n<p> Source URL: https:\/\/observatornews.ro\/politic\/breaking-news-calin-popescutariceanu-trimis-in-judecata-de-dna-181369.html<\/p>\n","protected":false},"excerpt":{"rendered":"<p>Pre\u0219edintele Senatului, C\u0103lin Popescu-T\u0103riceanu, a fost trimis \u00een judecat\u0103 de DNA pentru s\u0103v\u00e2r\u0219irea infrac\u021biunilor de m\u0103rturie mincinoas\u0103 \u0219i favorizarea f\u0103ptuitorului. Pre\u0219edintele Senatului, C\u0103lin Popescu-T\u0103riceanu, a fost trimis \u00een judecat\u0103 de DNA pentru s\u0103v\u00e2r\u0219irea infrac\u021biunilor de m\u0103rturie mincinoas\u0103 \u0219i favorizarea f\u0103ptuitorului. \u00cen rechizitoriul \u00eentocmit de procurorii anticorup\u021bie se arat\u0103 c\u0103, \u00een cadrul actelor de cercetare efectuate [&hellip;]<\/p>\n","protected":false},"author":1,"featured_media":370801,"comment_status":"open","ping_status":"","sticky":false,"template":"","format":"standard","meta":{"footnotes":""},"categories":[2],"tags":[30],"class_list":["post-370800","post","type-post","status-publish","format-standard","has-post-thumbnail","hentry","category-politics","tag-observatornews-ro"],"_links":{"self":[{"href":"https:\/\/analyse.optim.biz\/index.php?rest_route=\/wp\/v2\/posts\/370800","targetHints":{"allow":["GET"]}}],"collection":[{"href":"https:\/\/analyse.optim.biz\/index.php?rest_route=\/wp\/v2\/posts"}],"about":[{"href":"https:\/\/analyse.optim.biz\/index.php?rest_route=\/wp\/v2\/types\/post"}],"author":[{"embeddable":true,"href":"https:\/\/analyse.optim.biz\/index.php?rest_route=\/wp\/v2\/users\/1"}],"replies":[{"embeddable":true,"href":"https:\/\/analyse.optim.biz\/index.php?rest_route=%2Fwp%2Fv2%2Fcomments&post=370800"}],"version-history":[{"count":0,"href":"https:\/\/analyse.optim.biz\/index.php?rest_route=\/wp\/v2\/posts\/370800\/revisions"}],"wp:featuredmedia":[{"embeddable":true,"href":"https:\/\/analyse.optim.biz\/index.php?rest_route=\/wp\/v2\/media\/370801"}],"wp:attachment":[{"href":"https:\/\/analyse.optim.biz\/index.php?rest_route=%2Fwp%2Fv2%2Fmedia&parent=370800"}],"wp:term":[{"taxonomy":"category","embeddable":true,"href":"https:\/\/analyse.optim.biz\/index.php?rest_route=%2Fwp%2Fv2%2Fcategories&post=370800"},{"taxonomy":"post_tag","embeddable":true,"href":"https:\/\/analyse.optim.biz\/index.php?rest_route=%2Fwp%2Fv2%2Ftags&post=370800"}],"curies":[{"name":"wp","href":"https:\/\/api.w.org\/{rel}","templated":true}]}}