{"id":370798,"date":"2016-07-07T14:13:00","date_gmt":"2016-07-07T11:13:00","guid":{"rendered":"https:\/\/analyse.optim.biz\/?p=370798"},"modified":"2016-07-07T14:13:00","modified_gmt":"2016-07-07T11:13:00","slug":"primele-declaratii-ale-lui-tariceanu-despre-trimiterea-in-judecata","status":"publish","type":"post","link":"https:\/\/analyse.optim.biz\/?p=370798","title":{"rendered":"Primele declara\u0163ii ale lui T\u0103riceanu despre trimiterea \u00een judecat\u0103"},"content":{"rendered":"<div class=\"description\" data-key=\"description\">Pre\u0219edintele Senatului, C\u0103lin Popescu-T\u0103riceanu, a declarat c\u0103 trimiterea sa \u00een judecat\u0103 de c\u0103tre DNA nu \u00eei schimb\u0103 cu nimic pozi\u021bia, proiectele de viitor \u0219i atitudinea constant critic\u0103 exprimat\u0103 public.<\/div>\n<div class=\"articleBody\" data-key=\"articleBody\">Pre\u0219edintele Senatului, C\u0103lin Popescu-T\u0103riceanu, a declarat c\u0103 trimiterea sa \u00een judecat\u0103 de c\u0103tre DNA nu \u00eei schimb\u0103 cu nimic pozi\u021bia, proiectele de viitor \u0219i atitudinea constant critic\u0103 exprimat\u0103 public.<br \/>\n\u201cLa solicitarea mai multor ziari\u0219ti acredita\u021bi la Senat, declar c\u0103 am luat cuno\u0219tin\u021b\u0103 din mediul online de faptul c\u0103 DNA a trimis spre judecare \u00cenaltei Cur\u021bi de Casa\u021bie \u0219i Justi\u021bie dosarul pe care mi l-au instrumentat. Nu doresc s\u0103 fac niciun fel de comentarii pe fondul acuza\u021biilor construite de anchetatori, procedura \u00ee\u0219i va urma cursul legal, dar vreau s\u0103-i asigur pe to\u021bi cei care sunt interesa\u021bi de via\u021ba politic\u0103 sau de evolu\u021bia mea viitoare c\u0103 aceast\u0103 \u00eemprejurare nu-mi schimb\u0103 cu nimic pozi\u021bia, proiectele de viitor \u0219i atitudinea mea constant critic\u0103 exprimat\u0103 public\u201d, a spus T\u0103riceanu.<br \/>\nT\u0103riceanu a fost trimis \u00een judecat\u0103 de DNA pentru s\u0103v\u00e2r\u0219irea infrac\u021biunilor de m\u0103rturie mincinoas\u0103 \u0219i favorizarea f\u0103ptuitorului.<br \/>\n\u00cen rechizitoriul \u00eentocmit de procurorii anticorup\u021bie se arat\u0103 c\u0103, \u00een cadrul actelor de cercetare efectuate pentru l\u0103murirea cauzei referitoare la retrocedarea presupus nelegal\u0103 a unei suprafe\u021be din P\u0103durea Snagov \u0219i a Fermei B\u0103neasa, T\u0103riceanu a f\u0103cut, sub jur\u0103m\u00e2nt, la data de 15 aprilie 2016, declara\u021bii necorespunz\u0103toare adev\u0103rului cu privire la aspecte esen\u021biale ale cauzei asupra c\u0103rora a fost \u00eentrebat \u0219i nu a spus tot ce \u0219tie \u00een leg\u0103tur\u0103 cu \u00eemprejur\u0103ri esen\u021biale, urm\u0103rind prin aceasta \u00eempiedicarea\/ \u00eengreunarea tragerii la r\u0103spundere penal\u0103 a inculpa\u021bilor cerceta\u021bi \u00een dosarul trimis \u00een judecat\u0103.<\/div>\n<p> Source URL: https:\/\/observatornews.ro\/politic\/primele-declaratii-ale-lui-tariceanu-despre-trimiterea-in-judecata-181380.html<\/p>\n","protected":false},"excerpt":{"rendered":"<p>Pre\u0219edintele Senatului, C\u0103lin Popescu-T\u0103riceanu, a declarat c\u0103 trimiterea sa \u00een judecat\u0103 de c\u0103tre DNA nu \u00eei schimb\u0103 cu nimic pozi\u021bia, proiectele de viitor \u0219i atitudinea constant critic\u0103 exprimat\u0103 public. Pre\u0219edintele Senatului, C\u0103lin Popescu-T\u0103riceanu, a declarat c\u0103 trimiterea sa \u00een judecat\u0103 de c\u0103tre DNA nu \u00eei schimb\u0103 cu nimic pozi\u021bia, proiectele de viitor \u0219i atitudinea constant [&hellip;]<\/p>\n","protected":false},"author":1,"featured_media":370799,"comment_status":"open","ping_status":"","sticky":false,"template":"","format":"standard","meta":{"footnotes":""},"categories":[2],"tags":[30],"class_list":["post-370798","post","type-post","status-publish","format-standard","has-post-thumbnail","hentry","category-politics","tag-observatornews-ro"],"_links":{"self":[{"href":"https:\/\/analyse.optim.biz\/index.php?rest_route=\/wp\/v2\/posts\/370798","targetHints":{"allow":["GET"]}}],"collection":[{"href":"https:\/\/analyse.optim.biz\/index.php?rest_route=\/wp\/v2\/posts"}],"about":[{"href":"https:\/\/analyse.optim.biz\/index.php?rest_route=\/wp\/v2\/types\/post"}],"author":[{"embeddable":true,"href":"https:\/\/analyse.optim.biz\/index.php?rest_route=\/wp\/v2\/users\/1"}],"replies":[{"embeddable":true,"href":"https:\/\/analyse.optim.biz\/index.php?rest_route=%2Fwp%2Fv2%2Fcomments&post=370798"}],"version-history":[{"count":0,"href":"https:\/\/analyse.optim.biz\/index.php?rest_route=\/wp\/v2\/posts\/370798\/revisions"}],"wp:featuredmedia":[{"embeddable":true,"href":"https:\/\/analyse.optim.biz\/index.php?rest_route=\/wp\/v2\/media\/370799"}],"wp:attachment":[{"href":"https:\/\/analyse.optim.biz\/index.php?rest_route=%2Fwp%2Fv2%2Fmedia&parent=370798"}],"wp:term":[{"taxonomy":"category","embeddable":true,"href":"https:\/\/analyse.optim.biz\/index.php?rest_route=%2Fwp%2Fv2%2Fcategories&post=370798"},{"taxonomy":"post_tag","embeddable":true,"href":"https:\/\/analyse.optim.biz\/index.php?rest_route=%2Fwp%2Fv2%2Ftags&post=370798"}],"curies":[{"name":"wp","href":"https:\/\/api.w.org\/{rel}","templated":true}]}}