{"id":370796,"date":"2016-07-07T14:54:00","date_gmt":"2016-07-07T11:54:00","guid":{"rendered":"https:\/\/analyse.optim.biz\/?p=370796"},"modified":"2016-07-07T14:54:00","modified_gmt":"2016-07-07T11:54:00","slug":"breaking-news-noii-ministri-ai-educatiei-transporturilor-si-pentru-diaspora-au-depus-juramantul-mesajul-lui-iohannis-aratati-diasporei-ca-ne-pasa-miscati-lucrurile-in-infrastructura-aveti-grija","status":"publish","type":"post","link":"https:\/\/analyse.optim.biz\/?p=370796","title":{"rendered":"BREAKING NEWS: Noii mini\u015ftri ai Educa\u0163iei, Transporturilor \u015fi pentru Diaspora au depus jur\u0103m\u00e2ntul. Mesajul lui Iohannis: Ar\u0103ta\u0163i Diasporei c\u0103 ne pas\u0103, mi\u015fca\u0163i lucrurile \u00een infrastructur\u0103, ave\u0163i grij\u0103 de Rom\u00e2nia educat\u0103"},"content":{"rendered":"<div class=\"description\" data-key=\"description\">Noii mini\u015ftri Mircea Dumitru, la portofoliul Educa\u0163iei, Petru Sorin Bu\u015fe, la portofoliul Transporturilor, \u015fi Maria Ligor, ca ministru delegat pentru Diaspora, au depus jur\u0103m\u00e2ntul joi, la Palatul Cotroceni.<\/div>\n<div class=\"articleBody\" data-key=\"articleBody\">Noii mini\u015ftri Mircea Dumitru, la portofoliul Educa\u0163iei, Petru Sorin Bu\u015fe, la portofoliul Transporturilor, \u015fi Maria Ligor, ca ministru delegat pentru Diaspora, au depus jur\u0103m\u00e2ntul joi, la Palatul Cotroceni.<br \/>\nPre\u015fedintele Klaus Iohannis le-a adresat, joi, un mesaj noilor mini\u015ftri care au depus jur\u0103m\u00e2ntul, afirm\u00e2nd c\u0103 rom\u00e2nii din Diaspora trebuie s\u0103 \u015ftie c\u0103 autorit\u0103\u0163ilor le pas\u0103 de ei, \u00een domeniul infrastructurii trebuie \u201cmi\u015fcate\u201d lucrurile, pentru c\u0103 de acest lucru depinde dezvoltarea \u0163\u0103rii, iar ministrul Educa\u0163iei trebuie s\u0103 \u201caib\u0103 grij\u0103 de Rom\u00e2nia educat\u0103\u201d.<br \/>\n\u201cDa\u0163i-mi voie s\u0103 v\u0103 felicit pentru preluarea mandatului de ministru. Ave\u0163i domenii sensibile \u015fi grele de p\u0103storit, v\u0103 doresc s\u0103 ave\u0163i mult succes\u201d, le-a spus Iohannis, la Palatul Cotroceni, mini\u015ftrilor Educa\u0163iei, Transporturilor \u015fi ministrului delegat pentru rela\u0163ia cu rom\u00e2nii din afara grani\u0163elor.<br \/>\nPre\u015fedintele i-a transmis Mariei Ligor, noul ministru pentru Diaspora, c\u0103 rom\u00e2nii din afara grani\u0163elor \u201csunt \u00een aten\u0163ia noastr\u0103\u201d.<br \/>\n\u201cN\u0103d\u0103jduiesc c\u0103 ve\u0163i g\u0103si c\u0103ile cele mai potrivite de a ar\u0103ta rom\u00e2nilor din afara grani\u0163elor noastre c\u0103 ne pas\u0103 de ei \u015fi v\u0103 rog s\u0103-i convinge\u0163i c\u0103 avem nevoie de ei\u201d, a spus \u015feful statului.<br \/>\n\u00cen privin\u0163a portofoliului Transporturilor, Iohannis i-a spus noului ministru Sorin Bu\u015fe c\u0103 rom\u00e2nii consider\u0103 c\u0103 infrastructura este cheia dezvolt\u0103rii Rom\u00e2niei. \u201cDeci este clar: toat\u0103 lumea va fi cu ochii pe dumneavoastr\u0103 ca s\u0103 mi\u015fca\u0163i lucrurile. Sunt nenum\u0103rate \u015fantiere \u015fi \u00eencepute, \u015fi abandonate, \u015fi \u00een preg\u0103tire. V\u0103 doresc mult succes. Ave\u0163i mult de lucru\u201d, a declarat \u015feful statului.<br \/>\nUn mesaj special a avut pre\u015fedintele pentru noul ministru al Educa\u0163iei, Mircea Dumitru, c\u0103ruia i-a spus c\u0103 acest domeniu \u201c\u00eei este foarte drag\u201d.<br \/>\n\u201cNoi doi am discutat \u00een repetate r\u00e2nduri (&#8230;) despre ce ar trebui f\u0103cut \u015fi am constatat cu ocazia acestor discu\u0163ii c\u0103 avem abord\u0103ri similare. Sunt multe lucruri de rezolvat. Eu v\u0103 doresc mult succes, ave\u0163i grij\u0103 de Rom\u00e2nia educat\u0103\u201d, a spus Klaus Iohannis.<br \/>\nLa ceremonie au participat premierul Dacian Ciolo\u015f \u015fi ceilal\u0163i membri ai Cabinetului.<br \/>\nPre\u015fedintele Klaus Iohannis a semnat, joi, decretele de revocare a mini\u015ftrilor Adrian Curaj, Dan Costescu, Marius Bostan \u015fi Dan Stonescu, remania\u0163i de premierul Dacian Ciolo\u015f, \u015fi decretele de numire \u00een func\u0163ie a celor patru noi mini\u015ftri, Mircea Dumitru, Sorin Bu\u015fe, Maria Ligor \u015fi Drago\u015f Tudorache.<br \/>\nPre\u015fedintele Klaus Iohannis a semnat \u015fi decretul de numire al \u015fefului Cancelariei premierului, Drago\u015f Tudorache, \u00een func\u0163ia de ministru interimar al Comunica\u0163iilor.<\/div>\n<p> Source URL: https:\/\/observatornews.ro\/politic\/breaking-news-noii-ministri-ai-educatiei-transporturilor-si-pentru-diaspora-au-depus-juramantul-mesajul-lui-iohannis-aratati-diasporei-ca-ne-pasa-miscati-lucrurile-in-infrastructura-aveti-grija-de-romania-educata-181384.html<\/p>\n","protected":false},"excerpt":{"rendered":"<p>Noii mini\u015ftri Mircea Dumitru, la portofoliul Educa\u0163iei, Petru Sorin Bu\u015fe, la portofoliul Transporturilor, \u015fi Maria Ligor, ca ministru delegat pentru Diaspora, au depus jur\u0103m\u00e2ntul joi, la Palatul Cotroceni. Noii mini\u015ftri Mircea Dumitru, la portofoliul Educa\u0163iei, Petru Sorin Bu\u015fe, la portofoliul Transporturilor, \u015fi Maria Ligor, ca ministru delegat pentru Diaspora, au depus jur\u0103m\u00e2ntul joi, la Palatul [&hellip;]<\/p>\n","protected":false},"author":1,"featured_media":370797,"comment_status":"open","ping_status":"","sticky":false,"template":"","format":"standard","meta":{"footnotes":""},"categories":[2],"tags":[30],"class_list":["post-370796","post","type-post","status-publish","format-standard","has-post-thumbnail","hentry","category-politics","tag-observatornews-ro"],"_links":{"self":[{"href":"https:\/\/analyse.optim.biz\/index.php?rest_route=\/wp\/v2\/posts\/370796","targetHints":{"allow":["GET"]}}],"collection":[{"href":"https:\/\/analyse.optim.biz\/index.php?rest_route=\/wp\/v2\/posts"}],"about":[{"href":"https:\/\/analyse.optim.biz\/index.php?rest_route=\/wp\/v2\/types\/post"}],"author":[{"embeddable":true,"href":"https:\/\/analyse.optim.biz\/index.php?rest_route=\/wp\/v2\/users\/1"}],"replies":[{"embeddable":true,"href":"https:\/\/analyse.optim.biz\/index.php?rest_route=%2Fwp%2Fv2%2Fcomments&post=370796"}],"version-history":[{"count":0,"href":"https:\/\/analyse.optim.biz\/index.php?rest_route=\/wp\/v2\/posts\/370796\/revisions"}],"wp:featuredmedia":[{"embeddable":true,"href":"https:\/\/analyse.optim.biz\/index.php?rest_route=\/wp\/v2\/media\/370797"}],"wp:attachment":[{"href":"https:\/\/analyse.optim.biz\/index.php?rest_route=%2Fwp%2Fv2%2Fmedia&parent=370796"}],"wp:term":[{"taxonomy":"category","embeddable":true,"href":"https:\/\/analyse.optim.biz\/index.php?rest_route=%2Fwp%2Fv2%2Fcategories&post=370796"},{"taxonomy":"post_tag","embeddable":true,"href":"https:\/\/analyse.optim.biz\/index.php?rest_route=%2Fwp%2Fv2%2Ftags&post=370796"}],"curies":[{"name":"wp","href":"https:\/\/api.w.org\/{rel}","templated":true}]}}