{"id":370794,"date":"2016-07-07T15:26:00","date_gmt":"2016-07-07T12:26:00","guid":{"rendered":"https:\/\/analyse.optim.biz\/?p=370794"},"modified":"2016-07-07T15:26:00","modified_gmt":"2016-07-07T12:26:00","slug":"cine-este-tudor-ionescu-alias-tudy-noul-viceprimar-al-capitalei","status":"publish","type":"post","link":"https:\/\/analyse.optim.biz\/?p=370794","title":{"rendered":"Cine este Tudor Ionescu, alias \u201cTudy\u201d, noul viceprimar al Capitalei"},"content":{"rendered":"<div class=\"description\" data-key=\"description\">Viceprimarul Tudor Ionescu a declarat, joi, dup\u0103 ce a fost ales viceprimar al Capitalei, c\u0103 a absolvit trei facult\u0103\u0163i \u015fi dou\u0103 mastere, de cinci ani este antreprenor \u015fi c\u0103 nu vrea s\u0103 vorbeasc\u0103 despre trecutul s\u0103u, preciz\u00e2nd c\u0103 nu discut\u0103 via\u0163a personal\u0103.<\/div>\n<div class=\"articleBody\" data-key=\"articleBody\">Viceprimarul Tudor Ionescu a declarat, joi, dup\u0103 ce a fost ales viceprimar al Capitalei, c\u0103 a absolvit trei facult\u0103\u0163i \u015fi dou\u0103 mastere, de cinci ani este antreprenor \u015fi c\u0103 nu vrea s\u0103 vorbeasc\u0103 despre trecutul s\u0103u, preciz\u00e2nd c\u0103 nu discut\u0103 via\u0163a personal\u0103.<br \/>\n\u201cEste prematur sa discut\u0103m acum despre ce voi face \u00een mod exact. M\u0103 \u00eentreba\u0163i care este preg\u0103tirea mea? Eu am trei facult\u0103\u0163i pe care le-am terminat. Dou\u0103 dintre ele, una pe comer\u0163 interna\u0163ional, alta pe \u015ftiin\u0163e politice, ambele \u00een Bruxelles. Dou\u0103 mastere, ambele \u00een Bruxelles, unul pe politic\u0103 comparat\u0103 \u015fi unul pe studii europene. De aceea, ca s\u0103 r\u0103spund un pic la \u00eentrebarea dumneavoastr\u0103, op\u0163iunile mele se dirijeaz\u0103 mai mult \u00een zona Uniunii Europene \u015fi a rela\u0163iilor interna\u0163ionale. Nu trebuie s\u0103 v\u0103 spun c\u0103 UE trece printr-un moment foarte, foarte dificil \u00een acest moment, un mare semn de \u00eentrebare legat de motivul existen\u0163ei sale dup\u0103 referendumul din Marea Britanie \u015fi din acest motiv \u015fi eu, \u015fi colegii mei, dar mai ales eu, \u00eemi voi dedica eforturile pentru a cl\u0103di nu numai Capitala, una din cele 28 \u2013 \u00eenc\u0103 \u2013 de state memebre ale UE, dar \u015fi pentru a cl\u0103di UE un pic \u015fi \u00een Bucure\u015fti\u201d, a spus Ionescu.<br \/>\nEl a mai subliniat c\u0103 nu vine din zona monden\u0103, a\u015fa cum presa transmite, \u015fi c\u0103 nu vrea s\u0103 discute despre via\u0163a sa personal\u0103.<br \/>\n\u201cNu vin deloc din zona monden\u0103, \u00eemi pare r\u0103u s\u0103 v\u0103 dezam\u0103gesc aici. Nu am discutat niciodat\u0103 \u015fi aici poate c\u0103 o s\u0103 l\u0103murim \u015fi acest aspect, la mine lucrurile au fost simple de la \u00eenceput: via\u0163a mea personal\u0103 nu o discut \u015fi aici se \u00eenchide orice. \u00cemi pare r\u0103u s\u0103 v\u0103 dezam\u0103gesc. \u00cenc\u0103 o dat\u0103, munca mea este cea pe care o vede\u0163i. Aici, \u015fi nu numai aici, o ve\u0163i vedea \u015fi pe teren. Ceea ce voi munci eu, ve\u0163i vedea \u00een interesul cet\u0103\u0163enilor, 24 din 24. Fiecare este liber s\u0103 m\u0103 perceap\u0103 cum \u00ee\u015fi dore\u015fte. De 5 ani de zile sunt antreprenor din zona dealerilor, nu a\u015f vrea s\u0103 intru \u00een mai multe detalii pentru c\u0103 nu vreau s\u0103 fac reclam\u0103. \u00cens\u0103 acest lucru mi-a permis s\u0103 iau leg\u0103tura cu foarte multe persoane\u201d, a mai spus viceprimarul.<br \/>\nTudor Ionescu a \u0163inut s\u0103 precizeze c\u0103 are un c\u00e2ine \u015fi c\u0103 una dintre activit\u0103\u0163ile sale \u00een cadrul prim\u0103riei va fi s\u0103 se ocupe de c\u00e2inii comunitari, ar\u0103t\u00e2nd c\u0103 Bucure\u015ftiul este deficitar \u00een ceea ce prive\u015fte capitolul \u201cora\u015f pet-friendly\u201d.<br \/>\nNickname-ul \u201cTudy\u201d l-a dob\u00e2ndit dup\u0103 ce tabloidele din Rom\u00e2nia au scris pe larg despre rela\u0163ia pe care acesta ar fi avut-o cu Oana Z\u0103voranu.<br \/>\nMomentul care l-a f\u0103cut \u00eens\u0103 cu adev\u0103rat celebru pe Tudy a fost filmule\u0163ul indecent ap\u0103rut pe internet, \u00een care acesta se \u201cautosatisfacea\u201d \u00eentr-o toalet\u0103, transmi\u0163\u00e2ndu-i diverse mesaje obscene Oanei Z\u0103voranu.<\/div>\n<p> Source URL: https:\/\/observatornews.ro\/politic\/cine-este-tudor-ionescu-alias-tudy-noul-viceprimar-al-capitalei-181387.html<\/p>\n","protected":false},"excerpt":{"rendered":"<p>Viceprimarul Tudor Ionescu a declarat, joi, dup\u0103 ce a fost ales viceprimar al Capitalei, c\u0103 a absolvit trei facult\u0103\u0163i \u015fi dou\u0103 mastere, de cinci ani este antreprenor \u015fi c\u0103 nu vrea s\u0103 vorbeasc\u0103 despre trecutul s\u0103u, preciz\u00e2nd c\u0103 nu discut\u0103 via\u0163a personal\u0103. Viceprimarul Tudor Ionescu a declarat, joi, dup\u0103 ce a fost ales viceprimar al [&hellip;]<\/p>\n","protected":false},"author":1,"featured_media":370795,"comment_status":"open","ping_status":"","sticky":false,"template":"","format":"standard","meta":{"footnotes":""},"categories":[2],"tags":[30],"class_list":["post-370794","post","type-post","status-publish","format-standard","has-post-thumbnail","hentry","category-politics","tag-observatornews-ro"],"_links":{"self":[{"href":"https:\/\/analyse.optim.biz\/index.php?rest_route=\/wp\/v2\/posts\/370794","targetHints":{"allow":["GET"]}}],"collection":[{"href":"https:\/\/analyse.optim.biz\/index.php?rest_route=\/wp\/v2\/posts"}],"about":[{"href":"https:\/\/analyse.optim.biz\/index.php?rest_route=\/wp\/v2\/types\/post"}],"author":[{"embeddable":true,"href":"https:\/\/analyse.optim.biz\/index.php?rest_route=\/wp\/v2\/users\/1"}],"replies":[{"embeddable":true,"href":"https:\/\/analyse.optim.biz\/index.php?rest_route=%2Fwp%2Fv2%2Fcomments&post=370794"}],"version-history":[{"count":0,"href":"https:\/\/analyse.optim.biz\/index.php?rest_route=\/wp\/v2\/posts\/370794\/revisions"}],"wp:featuredmedia":[{"embeddable":true,"href":"https:\/\/analyse.optim.biz\/index.php?rest_route=\/wp\/v2\/media\/370795"}],"wp:attachment":[{"href":"https:\/\/analyse.optim.biz\/index.php?rest_route=%2Fwp%2Fv2%2Fmedia&parent=370794"}],"wp:term":[{"taxonomy":"category","embeddable":true,"href":"https:\/\/analyse.optim.biz\/index.php?rest_route=%2Fwp%2Fv2%2Fcategories&post=370794"},{"taxonomy":"post_tag","embeddable":true,"href":"https:\/\/analyse.optim.biz\/index.php?rest_route=%2Fwp%2Fv2%2Ftags&post=370794"}],"curies":[{"name":"wp","href":"https:\/\/api.w.org\/{rel}","templated":true}]}}