{"id":370761,"date":"2016-07-21T06:06:00","date_gmt":"2016-07-21T03:06:00","guid":{"rendered":"https:\/\/analyse.optim.biz\/?p=370761"},"modified":"2016-07-21T06:06:00","modified_gmt":"2016-07-21T03:06:00","slug":"iohannis-ponta-si-seful-sie-in-stenogramele-wikileaks-din-turcia","status":"publish","type":"post","link":"https:\/\/analyse.optim.biz\/?p=370761","title":{"rendered":"Iohannis, Ponta \u0219i \u0219eful SIE, \u00een stenogramele Wikileaks din Turcia"},"content":{"rendered":"<div class=\"description\" data-key=\"description\">Numele pre\u0219edintelui Klaus Iohannis \u0219i al fostului premier Victor Ponta apar \u00een stenogramele Wikileaks publicate din Turcia, potrivit unor informa\u021bii prezentate miercuri, la Antena 3.<\/div>\n<div class=\"articleBody\" data-key=\"articleBody\">Numele pre\u0219edintelui Klaus Iohannis \u0219i al fostului premier Victor Ponta apar \u00een stenogramele Wikileaks publicate din Turcia, potrivit unor informa\u021bii prezentate miercuri, la Antena 3.<br \/>\nDe asemenea, un alt nume rom\u00e2nesc ce apare \u00een documentele secrete este cel al \u0219efului SIE, Mihai R\u0103zvan Ungureanu.<br \/>\nRom\u00e2nia este men\u021bionat\u0103 \u00een aproape 100 dintre cele circa 300.000 de e-mailuri de pe serverul intern al partidului aflat la guvernare \u00een Turcia, date publicit\u0103\u0163ii de Wikileaks.<br \/>\nFostul premier Victor Ponta, cunoscut pentru leg\u0103turile str\u00e2nse cu actualul regim de la Ankara, apare \u00een trei mesaje electronice.<br \/>\n\u00centr-unul dintre acestea mai sunt men\u021biona\u021bi pre\u0219edintele Klaus Iohannis \u0219i actualul director al SIE, Mihai R\u0103zvan Ungureanu.<br \/>\nVictor Ponta, \u00een coresponden\u021ba turcilor:<br \/>\n&#8211; octombrie 2015: referire la politicile fiscale ale guvernului Ponta<br \/>\n&#8211; septembrie 2014: referire la \u00eent\u00e2lnirea lui Ponta cu pre\u0219edintele turc Recep Tayyip Erdogan la ONU<br \/>\n&#8211; iunie 2015: referire la pl\u00e2ngerea lui Ponta c\u0103 Iohannis nu l-a consultat la tema \u0219efiei SIE<br \/>\nAc\u021biunea WikiLeaks vine la c\u00e2teva zile de la tentativa de puci e\u0219uat\u0103 \u00een Turcia.<\/div>\n<p> Source URL: https:\/\/observatornews.ro\/politic\/iohannis-ponta-i-eful-sie-in-stenogramele-wikileaks-din-turcia-182200.html<\/p>\n","protected":false},"excerpt":{"rendered":"<p>Numele pre\u0219edintelui Klaus Iohannis \u0219i al fostului premier Victor Ponta apar \u00een stenogramele Wikileaks publicate din Turcia, potrivit unor informa\u021bii prezentate miercuri, la Antena 3. Numele pre\u0219edintelui Klaus Iohannis \u0219i al fostului premier Victor Ponta apar \u00een stenogramele Wikileaks publicate din Turcia, potrivit unor informa\u021bii prezentate miercuri, la Antena 3. De asemenea, un alt nume [&hellip;]<\/p>\n","protected":false},"author":1,"featured_media":370762,"comment_status":"open","ping_status":"","sticky":false,"template":"","format":"standard","meta":{"footnotes":""},"categories":[2],"tags":[30],"class_list":["post-370761","post","type-post","status-publish","format-standard","has-post-thumbnail","hentry","category-politics","tag-observatornews-ro"],"_links":{"self":[{"href":"https:\/\/analyse.optim.biz\/index.php?rest_route=\/wp\/v2\/posts\/370761","targetHints":{"allow":["GET"]}}],"collection":[{"href":"https:\/\/analyse.optim.biz\/index.php?rest_route=\/wp\/v2\/posts"}],"about":[{"href":"https:\/\/analyse.optim.biz\/index.php?rest_route=\/wp\/v2\/types\/post"}],"author":[{"embeddable":true,"href":"https:\/\/analyse.optim.biz\/index.php?rest_route=\/wp\/v2\/users\/1"}],"replies":[{"embeddable":true,"href":"https:\/\/analyse.optim.biz\/index.php?rest_route=%2Fwp%2Fv2%2Fcomments&post=370761"}],"version-history":[{"count":0,"href":"https:\/\/analyse.optim.biz\/index.php?rest_route=\/wp\/v2\/posts\/370761\/revisions"}],"wp:featuredmedia":[{"embeddable":true,"href":"https:\/\/analyse.optim.biz\/index.php?rest_route=\/wp\/v2\/media\/370762"}],"wp:attachment":[{"href":"https:\/\/analyse.optim.biz\/index.php?rest_route=%2Fwp%2Fv2%2Fmedia&parent=370761"}],"wp:term":[{"taxonomy":"category","embeddable":true,"href":"https:\/\/analyse.optim.biz\/index.php?rest_route=%2Fwp%2Fv2%2Fcategories&post=370761"},{"taxonomy":"post_tag","embeddable":true,"href":"https:\/\/analyse.optim.biz\/index.php?rest_route=%2Fwp%2Fv2%2Ftags&post=370761"}],"curies":[{"name":"wp","href":"https:\/\/api.w.org\/{rel}","templated":true}]}}