{"id":370733,"date":"2016-07-21T07:45:00","date_gmt":"2016-07-21T04:45:00","guid":{"rendered":"https:\/\/analyse.optim.biz\/?p=370733"},"modified":"2016-07-21T07:45:00","modified_gmt":"2016-07-21T04:45:00","slug":"acuzatii-grave-facute-de-ilie-nastase-politicienii-se-iubesc-pe-ei-si-contractele-pe-care-le-fac-la-senat-toti-sunt-foarte-bogati-acolo-e-interesul-puterii","status":"publish","type":"post","link":"https:\/\/analyse.optim.biz\/?p=370733","title":{"rendered":"ACUZA\u0162II GRAVE f\u0103cute de Ilie N\u0103stase: &#8220;Politicienii se iubesc pe ei \u015fi contractele pe care le fac. La Senat, to\u0163i sunt foarte boga\u0163i, acolo e interesul puterii&#8221;"},"content":{"rendered":"<div class=\"description\" data-key=\"description\">Fostul tenismen Ilie N\u0103stase spune c\u0103, la finalul mandatului de senator, va ie\u015fi din politic\u0103, pentru c\u0103 nu se reg\u0103se\u015fte \u00een acest domeniu. El precizeaz\u0103 c\u0103 \u00een politic\u0103 sunt doar interese personale \u015fi interese de partid, trebuie s\u0103 min\u0163i foarte mult, iar politicienii \u201dse iubesc doar pe ei\u201d.<\/div>\n<div class=\"articleBody\" data-key=\"articleBody\">Fostul tenismen Ilie N\u0103stase spune c\u0103, la finalul mandatului de senator, va ie\u015fi din politic\u0103, pentru c\u0103 nu se reg\u0103se\u015fte \u00een acest domeniu. El precizeaz\u0103 c\u0103 \u00een politic\u0103 sunt doar interese personale \u015fi interese de partid, trebuie s\u0103 min\u0163i foarte mult, iar politicienii \u201dse iubesc doar pe ei\u201d.<br \/>\n&#8220;Scandalurile \u00eentre politicieni \u015fi dintre partide m\u0103 deranjeaz\u0103 foarte mult. Eu am intrat \u00een politic\u0103 ca s\u0103 \u00eenv\u0103\u0163 ceva bun, dar nu am \u00eenv\u0103\u0163at nimic. Nu m\u0103 reg\u0103sesc printre ace\u015fti oameni, \u015fi nici ei printre mine. Cred c\u0103 nu m\u0103 contacteaz\u0103 alte partide pentru c\u0103 sunt incomod. Deci, \u00eemi termin mandatul \u015fi r\u0103m\u00e2n un simplu cet\u0103\u0163ean&#8221;, a declarat Ilie N\u0103stase la un post de televiziune.<br \/>\n&#8220;Toate lucrurile bune, to\u0163i banii europeni se duc c\u0103tre boga\u0163i, toate rela\u0163iile bune le iau ei, iar celorlal\u0163i nu le dau nimic. Eu mi-am f\u0103cut treaba pe felia mea. Dac\u0103 to\u0163i ne-am face treba pe felia noastr\u0103, cred c\u0103 \u0163ara ar duce-o mai bine, am fi to\u0163i eroi. Noi ne cert\u0103m \u00eenainte s\u0103 \u00eencepem ceva. Cum, de exemplu, s-a \u00eent\u00e2mplat cu Christoph Daum: Comitetul Executiv l-a votat pe Daum, iar noi ne cert\u0103m pe ce o s\u0103 fac\u0103 el, dac\u0103 va ajuta sau nu echipa&#8230; Ce o s\u0103 \u00een\u0163eleag\u0103 el? C\u0103 noi suntem nebuni. Dac\u0103 tot l-am pus acolo, haide\u0163i s\u0103-l ajut\u0103m. Asta e la noi: nu vrem s\u0103 ajut\u0103m s\u0103 ias\u0103 bine. \u015ei mai e expresia \u00aba\u015fa e la noi, asta e\u00bb. Nu mai e a\u015fa! Vreau altfel. Nimic nu e imposibil&#8221;, a ad\u0103ugat el.<br \/>\n\u00centrebat de ce a decis s\u0103 renun\u0163e la politic\u0103 \u015fi dac\u0103 hot\u0103r\u00e2rea sa are leg\u0103tur\u0103 cu fuziunea recent\u0103 dintre PMP \u015fi UNPR, Ilie N\u0103stase a r\u0103spuns: &#8220;Nu mai vreau, nu m\u0103 simt bine&#8230; Ce s\u0103 caut acolo (\u00een Senat &#8211; n.r.)? Acolo sunt doar interese personale \u015fi interese de partid. Dac\u0103 a\u015f avea puterea, le-a\u015f interzice s\u0103 pun\u0103 drapelul Rom\u00e2niei la partide. Pentru c\u0103 nu merit\u0103, ei nu reprezint\u0103 Rom\u00e2nia, ci ei se reprezint\u0103 pe ei. Ei se iubesc pe ei \u015fi contractele pe care le fac (&#8230;) \u00cen politic\u0103 trebuie s\u0103 min\u0163i foarte mult. \u00cen sport e altfel: fie c\u00e2\u015ftigi, fie pierzi. \u00cen politic\u0103 trebuie s\u0103 min\u0163i&#8221;, a spus fostul tenismen.<br \/>\nIlie N\u0103stase a mai spus c\u0103 \u201dla Senat to\u0163i sunt cam foarte boga\u0163i, acolo e intersul puterii \u015fi al influen\u0163ei\u201d.<\/div>\n<p> Source URL: https:\/\/observatornews.ro\/politic\/acuzatii-grave-facute-de-ilie-nastase-ies-din-politica-politicienii-se-iubesc-pe-ei-si-contractele-pe-care-le-fac-182202.html<\/p>\n","protected":false},"excerpt":{"rendered":"<p>Fostul tenismen Ilie N\u0103stase spune c\u0103, la finalul mandatului de senator, va ie\u015fi din politic\u0103, pentru c\u0103 nu se reg\u0103se\u015fte \u00een acest domeniu. El precizeaz\u0103 c\u0103 \u00een politic\u0103 sunt doar interese personale \u015fi interese de partid, trebuie s\u0103 min\u0163i foarte mult, iar politicienii \u201dse iubesc doar pe ei\u201d. Fostul tenismen Ilie N\u0103stase spune c\u0103, la [&hellip;]<\/p>\n","protected":false},"author":1,"featured_media":0,"comment_status":"open","ping_status":"","sticky":false,"template":"","format":"standard","meta":{"footnotes":""},"categories":[2],"tags":[30],"class_list":["post-370733","post","type-post","status-publish","format-standard","hentry","category-politics","tag-observatornews-ro"],"_links":{"self":[{"href":"https:\/\/analyse.optim.biz\/index.php?rest_route=\/wp\/v2\/posts\/370733","targetHints":{"allow":["GET"]}}],"collection":[{"href":"https:\/\/analyse.optim.biz\/index.php?rest_route=\/wp\/v2\/posts"}],"about":[{"href":"https:\/\/analyse.optim.biz\/index.php?rest_route=\/wp\/v2\/types\/post"}],"author":[{"embeddable":true,"href":"https:\/\/analyse.optim.biz\/index.php?rest_route=\/wp\/v2\/users\/1"}],"replies":[{"embeddable":true,"href":"https:\/\/analyse.optim.biz\/index.php?rest_route=%2Fwp%2Fv2%2Fcomments&post=370733"}],"version-history":[{"count":0,"href":"https:\/\/analyse.optim.biz\/index.php?rest_route=\/wp\/v2\/posts\/370733\/revisions"}],"wp:attachment":[{"href":"https:\/\/analyse.optim.biz\/index.php?rest_route=%2Fwp%2Fv2%2Fmedia&parent=370733"}],"wp:term":[{"taxonomy":"category","embeddable":true,"href":"https:\/\/analyse.optim.biz\/index.php?rest_route=%2Fwp%2Fv2%2Fcategories&post=370733"},{"taxonomy":"post_tag","embeddable":true,"href":"https:\/\/analyse.optim.biz\/index.php?rest_route=%2Fwp%2Fv2%2Ftags&post=370733"}],"curies":[{"name":"wp","href":"https:\/\/api.w.org\/{rel}","templated":true}]}}