{"id":370731,"date":"2016-07-22T06:31:00","date_gmt":"2016-07-22T03:31:00","guid":{"rendered":"https:\/\/analyse.optim.biz\/?p=370731"},"modified":"2016-07-22T06:31:00","modified_gmt":"2016-07-22T03:31:00","slug":"breaking-news-romania-in-lupta-impotriva-statului-islamic-50-de-militari-romani-se-vor-alatura-coalitiei-internationale-anti-isis","status":"publish","type":"post","link":"https:\/\/analyse.optim.biz\/?p=370731","title":{"rendered":"BREAKING NEWS: Rom\u00e2nia, \u00een lupta \u00eempotriva Statului Islamic. 50 de militari rom\u00e2ni se vor al\u0103tura coali\u0163iei interna\u0163ionale anti-ISIS"},"content":{"rendered":"<div class=\"description\" data-key=\"description\">Rom\u00e2nia va participa, \u00een 2016, cu cel mult 50 de militari la Coali\u0163ia Global\u0103 anti-ISIS, anun\u0163\u0103 Ministerul Ap\u0103r\u0103rii Na\u0163ionale (MApN), dup\u0103 reuniunea de la Washington a mini\u015ftrilor ap\u0103r\u0103rii \u015fi de externe din \u0163\u0103rile contributoare lai coali\u0163ie.<\/div>\n<div class=\"articleBody\" data-key=\"articleBody\">Rom\u00e2nia va participa, \u00een 2016, cu cel mult 50 de militari la Coali\u0163ia Global\u0103 anti-ISIS, anun\u0163\u0103 Ministerul Ap\u0103r\u0103rii Na\u0163ionale (MApN), dup\u0103 reuniunea de la Washington a mini\u015ftrilor ap\u0103r\u0103rii \u015fi de externe din \u0163\u0103rile contributoare lai coali\u0163ie.<br \/>\n&#8220;Rom\u00e2nia va participa \u00een anul 2016, la demersurile Coali\u0163iei Globale, cu un efectiv total de p\u00e2n\u0103 la 50 de militari, destinat activit\u0103\u0163ilor de instruire \u015fi consiliere a for\u0163elor de securitate irakiene&#8221;, potrivit MApN .<br \/>\nMinistrul Ap\u0103r\u0103rii Na\u0163ionale, Mihnea Motoc, a participat, miercuri \u015fi joi, la Washington, D.C., la Reuniunea \u0163\u0103rilor contributoare la Coali\u0163ia Global\u0103 anti-ISIS, la nivelul mini\u015ftrilor ap\u0103r\u0103rii \u015fi de externe, condus\u0103 de Statele Unite ale Americii.<br \/>\nStatele Unite \u015fi alia\u0163ii lor din cadrul coali\u0163iei \u00eempotriva grup\u0103rii Statul Islamic s-au angajat, miercuri, s\u0103 zdrobeasc\u0103 &#8220;tumora&#8221; jihadist\u0103 \u00een Siria \u015fi \u00een Irak \u015fi s\u0103 combat\u0103 &#8220;metastazele&#8221; atacurilor islamiste din lume.<br \/>\nCondus\u0103 de c\u0103tre Statele Unite, coali\u0163ia a efectuat \u00een doi ani aproximativ 14.000 de atacuri aeriene \u00een Siria \u015fi Irak.<br \/>\nSursa: News.ro<\/div>\n<p> Source URL: https:\/\/observatornews.ro\/politic\/romania-in-lupta-impotriva-statului-islamic-50-de-militari-romani-se-vor-alatura-coalitiei-internationale-antiisis-182265.html<\/p>\n","protected":false},"excerpt":{"rendered":"<p>Rom\u00e2nia va participa, \u00een 2016, cu cel mult 50 de militari la Coali\u0163ia Global\u0103 anti-ISIS, anun\u0163\u0103 Ministerul Ap\u0103r\u0103rii Na\u0163ionale (MApN), dup\u0103 reuniunea de la Washington a mini\u015ftrilor ap\u0103r\u0103rii \u015fi de externe din \u0163\u0103rile contributoare lai coali\u0163ie. Rom\u00e2nia va participa, \u00een 2016, cu cel mult 50 de militari la Coali\u0163ia Global\u0103 anti-ISIS, anun\u0163\u0103 Ministerul Ap\u0103r\u0103rii Na\u0163ionale [&hellip;]<\/p>\n","protected":false},"author":1,"featured_media":370732,"comment_status":"open","ping_status":"","sticky":false,"template":"","format":"standard","meta":{"footnotes":""},"categories":[2],"tags":[30],"class_list":["post-370731","post","type-post","status-publish","format-standard","has-post-thumbnail","hentry","category-politics","tag-observatornews-ro"],"_links":{"self":[{"href":"https:\/\/analyse.optim.biz\/index.php?rest_route=\/wp\/v2\/posts\/370731","targetHints":{"allow":["GET"]}}],"collection":[{"href":"https:\/\/analyse.optim.biz\/index.php?rest_route=\/wp\/v2\/posts"}],"about":[{"href":"https:\/\/analyse.optim.biz\/index.php?rest_route=\/wp\/v2\/types\/post"}],"author":[{"embeddable":true,"href":"https:\/\/analyse.optim.biz\/index.php?rest_route=\/wp\/v2\/users\/1"}],"replies":[{"embeddable":true,"href":"https:\/\/analyse.optim.biz\/index.php?rest_route=%2Fwp%2Fv2%2Fcomments&post=370731"}],"version-history":[{"count":0,"href":"https:\/\/analyse.optim.biz\/index.php?rest_route=\/wp\/v2\/posts\/370731\/revisions"}],"wp:featuredmedia":[{"embeddable":true,"href":"https:\/\/analyse.optim.biz\/index.php?rest_route=\/wp\/v2\/media\/370732"}],"wp:attachment":[{"href":"https:\/\/analyse.optim.biz\/index.php?rest_route=%2Fwp%2Fv2%2Fmedia&parent=370731"}],"wp:term":[{"taxonomy":"category","embeddable":true,"href":"https:\/\/analyse.optim.biz\/index.php?rest_route=%2Fwp%2Fv2%2Fcategories&post=370731"},{"taxonomy":"post_tag","embeddable":true,"href":"https:\/\/analyse.optim.biz\/index.php?rest_route=%2Fwp%2Fv2%2Ftags&post=370731"}],"curies":[{"name":"wp","href":"https:\/\/api.w.org\/{rel}","templated":true}]}}