{"id":370696,"date":"2016-08-05T06:52:00","date_gmt":"2016-08-05T03:52:00","guid":{"rendered":"https:\/\/analyse.optim.biz\/?p=370696"},"modified":"2016-08-05T06:52:00","modified_gmt":"2016-08-05T03:52:00","slug":"calin-popescu-tariceanu-la-instanta-suprema-in-dosarul-de-marturie-mincinoasa-nu-sunt-adeptul-justitiei-facute-in-strada-sau-la-televizor","status":"publish","type":"post","link":"https:\/\/analyse.optim.biz\/?p=370696","title":{"rendered":"C\u0103lin Popescu T\u0103riceanu, la instan\u0163a suprem\u0103 \u00een dosarul de m\u0103rturie mincinoas\u0103: &#8220;Nu sunt adeptul justi\u0163iei f\u0103cute \u00een strad\u0103 sau la televizor&#8221;"},"content":{"rendered":"<div class=\"description\" data-key=\"description\">Pre\u015fedintele Senatului, C\u0103lin Popescu T\u0103riceanu, a fost, vineri, la sediul instan\u0163ei supreme pentru efectuarea procedurilor de camer\u0103 preliminar\u0103, \u00een dosarul \u00een care este acuzat de m\u0103rturie mincinoas\u0103. La ie\u015firea de la \u00cenalta Curte de Casa\u0163ie \u015fi Justi\u0163ie, T\u0103riceanu a spus c\u0103 nu d\u0103 declara\u0163ii, pentru c\u0103 nu este adeptul justi\u0163iei f\u0103cute \u00een strad\u0103 sau la televizor.<\/div>\n<div class=\"articleBody\" data-key=\"articleBody\">Pre\u015fedintele Senatului, C\u0103lin Popescu T\u0103riceanu, a fost, vineri, la sediul instan\u0163ei supreme pentru efectuarea procedurilor de camer\u0103 preliminar\u0103, \u00een dosarul \u00een care este acuzat de m\u0103rturie mincinoas\u0103. La ie\u015firea de la \u00cenalta Curte de Casa\u0163ie \u015fi Justi\u0163ie, T\u0103riceanu a spus c\u0103 nu d\u0103 declara\u0163ii, pentru c\u0103 nu este adeptul justi\u0163iei f\u0103cute \u00een strad\u0103 sau la televizor.<br \/>\nC\u0103lin Popescu T\u0103riceanu a stat 20 de minute \u00een sediul instan\u0163ei supreme. &#8220;Nu fac nicio declara\u0163ie, nu sunt adeptul justi\u0163iei f\u0103cute \u00een strad\u0103 sau la televizor&#8221;, a spus pre\u015fedintele Senatului, la ie\u015fire.<br \/>\nPotrivit unor surse judiciare, procedurile de camer\u0103 preliminar\u0103 au fost am\u00e2nate pentru 20 septembrie, \u00een urma unei cereri f\u0103cute de Dorin Marian, cel\u0103ltalt inculpat \u00een dosar. Acesta, de altfel, nici nu s-a prezentat, vineri, \u00een fa\u0163a instan\u0163ei.<br \/>\nT\u0103riceanu a ajuns la instan\u0163a suprem\u0103, vineri, \u00een jurul orei 8.45, pentru efectuarea procedurilor de camer\u0103 preliminar\u0103, \u00een dosarul \u00een care a fost trimis \u00een judecat\u0103, pe 7 iulie, pentru m\u0103rturie mincinoas\u0103 \u015fi favorizarea f\u0103ptuitorului, \u00een leg\u0103tur\u0103 cu declara\u0163iile date ca martor \u00een dosarul retroced\u0103rii unei suprafe\u0163e din P\u0103durea Snagov \u015fi a fermei B\u0103neasa, \u00een care sunt trimi\u015fi \u00een judecat\u0103 Prin\u0163ul Paul, Remus Truic\u0103, Tal Silberstein \u015fi Dan Andronic.<br \/>\nAl\u0103turi de pre\u015fedintele Senatului a fost trimis \u00een judecat\u0103 \u015fi Dorin Marian, fost \u015fef al Administra\u0163iei Preziden\u0163iale a Rom\u00e2niei \u00een anul 2000, acesta fiind acuzat de m\u0103rturie mincinoas\u0103.<br \/>\nPotrivit DNA, \u00een 15 aprilie 2016, \u00een cadrul anchetei privind retrocedarea unei suprafe\u0163e din P\u0103durea Snagov \u015fi a Fermei B\u0103neasa, C\u0103lin Popescu T\u0103riceanu, \u00een declara\u0163ia luat\u0103 sub jur\u0103m\u00e2nt, &#8220;a f\u0103cut afirma\u0163ii necorespunz\u0103toare adev\u0103rului cu privire la aspecte esen\u0163iale ale cauzei asupra c\u0103rora a fost \u00eentrebat \u015fi nu a spus tot ce \u015ftie \u00een leg\u0103tur\u0103 cu \u00eemprejur\u0103ri esen\u0163iale, urm\u0103rind prin aceast\u0103 \u00eengreunarea tragerii la r\u0103spundere penal\u0103 a mai multor inculpa\u0163i din dosar&#8221;.<br \/>\nAstfel, pre\u015fedintele Senatului este acuzat c\u0103 a men\u0163ionat \u00een mod nereal c\u0103 nu a avut cuno\u015ftin\u0163\u0103 despre retrocedarea c\u0103tre Paul Philippe Al Rom\u00e2niei a unor suprafe\u0163e de teren \u00een B\u0103neasa (fosta ferm\u0103 regal\u0103) \u015fi Snagov (trunchiul de p\u0103dure Fundul Sacului) \u015fi nici despre implicarea israelienilor Tal Silberstein, Beny Steinmetz, Moshe Agavi \u015fi a altor persoane \u00een procedurile de retrocedare.<br \/>\nDe asemenea, sus\u0163in procurorii DNA, pre\u015fedintele Senatului a f\u0103cut declara\u0163ii mincinoase \u015fi nu a spus tot ce \u015ftie \u00een leg\u0103tur\u0103 cu rela\u0163ia avut\u0103 cu Tal Silberstein, Dan Andronic \u015fi Remus Truic\u0103, nu a spus nimic despre \u00eent\u00e2lnirile \u015fi discu\u0163iile purtate cu Truic\u0103 referitor la taxele notariale privind tranzac\u0163ionarea terenurilor din Snagov \u015fi modalitatea de dob\u00e2ndire \u015fi valorificare a bunurilor revendicate.<br \/>\n\u00cen acela\u015fi context, T\u0103riceanu a mai precizat, c\u0103 nu a avut o rela\u0163ie apropiat\u0103 cu Marius Marcovici, ascunz\u00e2nd totodat\u0103 c\u0103 are cuno\u015ftin\u0163\u0103 de rela\u0163ia acestuia din urm\u0103 cu Tal Silberstein, mai spun procurorii.<br \/>\nDe asemenea, Popescu T\u0103riceanu ar fi afirmat \u00een mod nereal c\u0103 nu l-a prezentat sau introdus pe Tal Silberstein altor politicieni din Rom\u00e2nia.<br \/>\nSursa: News.ro\n<\/div>\n<p> Source URL: https:\/\/observatornews.ro\/politic\/calin-popescu-tariceanu-la-instanta-suprema-in-dosarul-de-marturie-mincinoasa-nu-sunt-adeptul-justitiei-facute-in-strada-sau-la-televizor-183243.html<\/p>\n","protected":false},"excerpt":{"rendered":"<p>Pre\u015fedintele Senatului, C\u0103lin Popescu T\u0103riceanu, a fost, vineri, la sediul instan\u0163ei supreme pentru efectuarea procedurilor de camer\u0103 preliminar\u0103, \u00een dosarul \u00een care este acuzat de m\u0103rturie mincinoas\u0103. La ie\u015firea de la \u00cenalta Curte de Casa\u0163ie \u015fi Justi\u0163ie, T\u0103riceanu a spus c\u0103 nu d\u0103 declara\u0163ii, pentru c\u0103 nu este adeptul justi\u0163iei f\u0103cute \u00een strad\u0103 sau la [&hellip;]<\/p>\n","protected":false},"author":1,"featured_media":370697,"comment_status":"open","ping_status":"","sticky":false,"template":"","format":"standard","meta":{"footnotes":""},"categories":[2],"tags":[30],"class_list":["post-370696","post","type-post","status-publish","format-standard","has-post-thumbnail","hentry","category-politics","tag-observatornews-ro"],"_links":{"self":[{"href":"https:\/\/analyse.optim.biz\/index.php?rest_route=\/wp\/v2\/posts\/370696","targetHints":{"allow":["GET"]}}],"collection":[{"href":"https:\/\/analyse.optim.biz\/index.php?rest_route=\/wp\/v2\/posts"}],"about":[{"href":"https:\/\/analyse.optim.biz\/index.php?rest_route=\/wp\/v2\/types\/post"}],"author":[{"embeddable":true,"href":"https:\/\/analyse.optim.biz\/index.php?rest_route=\/wp\/v2\/users\/1"}],"replies":[{"embeddable":true,"href":"https:\/\/analyse.optim.biz\/index.php?rest_route=%2Fwp%2Fv2%2Fcomments&post=370696"}],"version-history":[{"count":0,"href":"https:\/\/analyse.optim.biz\/index.php?rest_route=\/wp\/v2\/posts\/370696\/revisions"}],"wp:featuredmedia":[{"embeddable":true,"href":"https:\/\/analyse.optim.biz\/index.php?rest_route=\/wp\/v2\/media\/370697"}],"wp:attachment":[{"href":"https:\/\/analyse.optim.biz\/index.php?rest_route=%2Fwp%2Fv2%2Fmedia&parent=370696"}],"wp:term":[{"taxonomy":"category","embeddable":true,"href":"https:\/\/analyse.optim.biz\/index.php?rest_route=%2Fwp%2Fv2%2Fcategories&post=370696"},{"taxonomy":"post_tag","embeddable":true,"href":"https:\/\/analyse.optim.biz\/index.php?rest_route=%2Fwp%2Fv2%2Ftags&post=370696"}],"curies":[{"name":"wp","href":"https:\/\/api.w.org\/{rel}","templated":true}]}}