{"id":370657,"date":"2016-08-16T05:45:00","date_gmt":"2016-08-16T02:45:00","guid":{"rendered":"https:\/\/analyse.optim.biz\/?p=370657"},"modified":"2016-08-16T05:45:00","modified_gmt":"2016-08-16T02:45:00","slug":"contestatia-dna-privind-controlul-judiciar-in-cazul-primarului-craiovei-lia-olguta-vasilescu-discutata-azi-la-curtea-de-apel-bucuresti","status":"publish","type":"post","link":"https:\/\/analyse.optim.biz\/?p=370657","title":{"rendered":"Contesta\u021bia DNA privind controlul judiciar \u00een cazul primarului Craiovei, Lia Olgu\u021ba Vasilescu, discutat\u0103 azi la Curtea de Apel Bucure\u0219ti"},"content":{"rendered":"<div class=\"description\" data-key=\"description\">Curtea de Apel Bucure\u0219ti dezbate mar\u021bi contesta\u021bia DNA \u00eempotriva deciziei instan\u021bei inferioare privind neluarea m\u0103surii controlului judiciar fa\u021b\u0103 de primarul municipiului Craiova, Lia Olgu\u021ba Vasilescu, \u00een dosarul \u00een care a fost trimis\u0103 \u00een judecat\u0103 pentru infrac\u021biuni de corup\u021bie.<\/div>\n<div class=\"articleBody\" data-key=\"articleBody\">Curtea de Apel Bucure\u0219ti dezbate mar\u021bi contesta\u021bia DNA \u00eempotriva deciziei instan\u021bei inferioare privind neluarea m\u0103surii controlului judiciar fa\u021b\u0103 de primarul municipiului Craiova, Lia Olgu\u021ba Vasilescu, \u00een dosarul \u00een care a fost trimis\u0103 \u00een judecat\u0103 pentru infrac\u021biuni de corup\u021bie.<br \/>\n\u00cen 9 august, Tribunalul Bucure\u0219ti a respins solicitarea procurorilor DNA de luare a m\u0103surii controlului judiciar fa\u021b\u0103 de Lia Olgu\u021ba Vasilescu, \u00eens\u0103 decizia a fost atacat\u0103 de procurorii anticorup\u021bie.<br \/>\n\u00cen timpul procesului, un procuror de la DNA le-a cerut judec\u0103torilor s\u0103 \u00eei interzic\u0103 primarului din Craiova participarea la emisiuni radio \u0219i de televiziune, dar \u0219i s\u0103 se apropie de martorii \u0219i denun\u021b\u0103torii din dosarul s\u0103u.<br \/>\nProcurorul a declarat \u00een sala de judecat\u0103 c\u0103 Lia Olgu\u021ba Vasilescu a prezentat selectiv la posturi de radio \u0219i televiziune, precum \u0219i pe Facebook, date din dosarul s\u0103u \u0219i a c\u0103utat s\u0103 \u00eel discrediteze pe denun\u021b\u0103torul Petru Becheru prin publicarea unei fotografii a acestuia.<br \/>\n&#8220;Solicit\u0103m instan\u021bei s\u0103-i interzic\u0103 inculpatei s\u0103 mai publice date din dosar, pentru c\u0103 martorii se simt timora\u021bi \u0219i amenin\u021ba\u021bi. V\u0103 rog s\u0103 obliga\u021bi inculpata s\u0103 nu se mai prezinte la radio \u0219i televiziuni \u0219i s\u0103 nu se mai apropie de martori \u0219i denun\u021b\u0103tori&#8221;, a mai spus procurorul.<br \/>\nDe cealalt\u0103 parte, Lia Olgu\u021ba Vasilescu a declarat c\u0103, dac\u0103 \u00een cazul ei se va lua m\u0103sura controlului judiciar, atunci nu \u00ee\u0219i va mai putea exercita func\u021bia de primar, deoarece nu va mai avea voie s\u0103 se apropie de angaja\u021bi din Prim\u0103ria Craiova care au calitatea de martor.<br \/>\nLia Olgu\u021ba Vasilescu a explicat c\u0103, dup\u0103 ce a fost re\u021binut\u0103 de procurori \u00een 30 martie, \u00een spa\u021biul public au ap\u0103rut, pe l\u00e2ng\u0103 comunicatele DNA, informa\u021bii &#8220;pe surse&#8221; din dosarul s\u0103u, iar Petru Becheru a publicat pe Facebook materiale amenin\u021b\u0103toare la adresa ei.<br \/>\n&#8220;Am primit rechizitoriul \u00een 27 iulie, iar toat\u0103 presa l-a primit \u00een data de 19 iulie \u0219i spa\u021biul public a fost invadat de materiale despre dosarul meu, iar eu nu am putut avea nicio reac\u021bie p\u00e2n\u0103 la primirea rechizitoriului. Concomitent, Petru Becheru s-a activat mediatic \u0219i m-a numit be\u021biv\u0103, infractoare, mafiot\u0103, totul culmin\u00e2nd cu faptul c\u0103 am trimis un angajat de la regia de transport s\u0103 \u00eel amenin\u021be \u0219i s\u0103 \u00eel mituiasc\u0103 s\u0103 retrag\u0103 denun\u021bul. Nu am nicio leg\u0103tur\u0103 cu acel angajat de la regia de transport. \u00cel cunosc pe acesta, dar nu am vorbit cu el de un an \u0219i \u0219apte luni. \u00cel cunosc doar din vedere. Petru Becheru este cel care l-a sunat \u0219i l-a \u0219i \u00eenregistrat pe acel angajat, pentru a provoca probabil un nou denun\u021b. Din 30 martie p\u00e2n\u0103 \u00een prezent nu am luat leg\u0103tura cu niciun denun\u021b\u0103tor din acest dosar, pe nicio cale. (&#8230;) Cu referire la post\u0103rile mele pe Facebook, am cerut \u00een mod repetat comentatorilor s\u0103 se exprime decent. Nu \u00een\u021beleg ce \u00eenseamn\u0103 limbaj agresiv. Eu nu \u00eenjur \u0219i nu amenin\u021b&#8221;, a ar\u0103tat Lia Olgu\u021ba Vasilescu.<br \/>\nProcurorii DNA au solicitat Tribunalului Bucure\u0219ti luarea m\u0103surii controlului judiciar fa\u021b\u0103 de Lia Olgu\u021ba Vasilescu, pe motiv c\u0103 aceasta a \u00eencercat discreditarea unui martor denun\u021b\u0103tor din dosarul \u00een care a fost trimis\u0103 \u00een judecat\u0103 pentru infrac\u021biuni de corup\u021bie.<br \/>\nPrintre motivele invocate de procurori \u00een cererea adresat\u0103 Tribunalului Bucure\u0219ti se num\u0103r\u0103 \u0219i acela c\u0103, \u00een intervalul de timp care a urmat \u00eenregistr\u0103rii cauzei pe rolul instan\u021bei, Lia Olgu\u021ba Vasilescu a postat selectiv pe pagina sa de Facebook acte din dosarul de urm\u0103rire penal\u0103, dup\u0103 care i-a invitat pe simpatizan\u021bii s\u0103i s\u0103 fac\u0103 aprecieri asupra probelor, ceea ce a generat ample reac\u021bii \u00een pres\u0103.<br \/>\n&#8220;\u00cen concret, inculpata a \u00eencercat discreditarea martorului denun\u021b\u0103tor, public\u00e2nd o fotografie a acestuia \u0219i formul\u00e2nd comentarii \u00een leg\u0103tur\u0103 cu credibilitatea afirma\u021biilor acestuia. Ca urmare, martorul a fost jignit sau amenin\u021bat cu moartea de sute de persoane care au postat pe pagina de socializare a inculpatei Vasilescu Lia Olgu\u021ba. \u00cen aparen\u021b\u0103 aceasta a intervenit \u00een discu\u021bii cer\u00e2nd decen\u021b\u0103, dar tot inculpata i-a incitat pe cei care comentau&#8221;, sus\u021bine DNA.<br \/>\n\u00cen plus, Lia Olgu\u021ba Vasilescu i-a anun\u021bat pe sus\u021bin\u0103tori c\u0103 va ac\u021biona \u00een mod similar \u0219i \u00een cazul altor martori din dosar, cu referire la ni\u0219te oameni de afaceri despre care sus\u021bine c\u0103 au formulat denun\u021buri calomnioase \u00eempotriva ei, suger\u00e2nd indirect c\u0103 va face publice date despre ace\u0219tia.<br \/>\nLia Olgu\u021ba Vasilescu a fost trimis\u0103 \u00een judecat\u0103 pe 19 iulie, fiind acuzat\u0103 de luare de mit\u0103 (patru infrac\u021biuni), folosirea autorit\u0103\u021bii sau influen\u021bei \u00een scopul ob\u021binerii de bani, bunuri sau alte foloase necuvenite (dou\u0103 infrac\u021biuni) \u0219i sp\u0103lare de bani (dou\u0103 infrac\u021biuni).<br \/>\nSursa: Agerpres<\/div>\n<p> Source URL: https:\/\/observatornews.ro\/politic\/cab-discuta-contestaia-dna-privind-controlul-judiciar-in-cazul-primarului-craiovei-lia-olgua-vasilescu-183890.html<\/p>\n","protected":false},"excerpt":{"rendered":"<p>Curtea de Apel Bucure\u0219ti dezbate mar\u021bi contesta\u021bia DNA \u00eempotriva deciziei instan\u021bei inferioare privind neluarea m\u0103surii controlului judiciar fa\u021b\u0103 de primarul municipiului Craiova, Lia Olgu\u021ba Vasilescu, \u00een dosarul \u00een care a fost trimis\u0103 \u00een judecat\u0103 pentru infrac\u021biuni de corup\u021bie. Curtea de Apel Bucure\u0219ti dezbate mar\u021bi contesta\u021bia DNA \u00eempotriva deciziei instan\u021bei inferioare privind neluarea m\u0103surii controlului judiciar [&hellip;]<\/p>\n","protected":false},"author":1,"featured_media":0,"comment_status":"open","ping_status":"","sticky":false,"template":"","format":"standard","meta":{"footnotes":""},"categories":[2],"tags":[30],"class_list":["post-370657","post","type-post","status-publish","format-standard","hentry","category-politics","tag-observatornews-ro"],"_links":{"self":[{"href":"https:\/\/analyse.optim.biz\/index.php?rest_route=\/wp\/v2\/posts\/370657","targetHints":{"allow":["GET"]}}],"collection":[{"href":"https:\/\/analyse.optim.biz\/index.php?rest_route=\/wp\/v2\/posts"}],"about":[{"href":"https:\/\/analyse.optim.biz\/index.php?rest_route=\/wp\/v2\/types\/post"}],"author":[{"embeddable":true,"href":"https:\/\/analyse.optim.biz\/index.php?rest_route=\/wp\/v2\/users\/1"}],"replies":[{"embeddable":true,"href":"https:\/\/analyse.optim.biz\/index.php?rest_route=%2Fwp%2Fv2%2Fcomments&post=370657"}],"version-history":[{"count":0,"href":"https:\/\/analyse.optim.biz\/index.php?rest_route=\/wp\/v2\/posts\/370657\/revisions"}],"wp:attachment":[{"href":"https:\/\/analyse.optim.biz\/index.php?rest_route=%2Fwp%2Fv2%2Fmedia&parent=370657"}],"wp:term":[{"taxonomy":"category","embeddable":true,"href":"https:\/\/analyse.optim.biz\/index.php?rest_route=%2Fwp%2Fv2%2Fcategories&post=370657"},{"taxonomy":"post_tag","embeddable":true,"href":"https:\/\/analyse.optim.biz\/index.php?rest_route=%2Fwp%2Fv2%2Ftags&post=370657"}],"curies":[{"name":"wp","href":"https:\/\/api.w.org\/{rel}","templated":true}]}}