{"id":370632,"date":"2016-08-17T06:02:00","date_gmt":"2016-08-17T03:02:00","guid":{"rendered":"https:\/\/analyse.optim.biz\/?p=370632"},"modified":"2016-08-17T06:02:00","modified_gmt":"2016-08-17T03:02:00","slug":"prima-reactie-a-lui-tariceanu-dupa-scandalul-permisului-de-conducere-cum-explica-presedintele-senatului-faptul-ca-nu-a-stat-la-coada","status":"publish","type":"post","link":"https:\/\/analyse.optim.biz\/?p=370632","title":{"rendered":"PRIMA REAC\u0162IE a lui T\u0103riceanu dup\u0103 scandalul permisului de conducere: Cum explic\u0103 pre\u015fedintele Senatului faptul c\u0103 nu a stat la coad\u0103"},"content":{"rendered":"<div class=\"description\" data-key=\"description\">La cinci zile dup\u0103 ce a fost filmat c\u00e2nd intra prin spatele cl\u0103dirii DRPCIV ocolind coada de aproximativ 1.000 de persoane, pentru a-\u015fi schimba permisul de conducere, pre\u015fedintele Senatului, C\u0103lin Popescu T\u0103riceanu, a dat explica\u0163ii pentru prima dat\u0103 pentru comportamentul s\u0103u.<\/div>\n<div class=\"articleBody\" data-key=\"articleBody\">La cinci zile dup\u0103 ce a fost filmat c\u00e2nd intra prin spatele cl\u0103dirii DRPCIV ocolind coada de aproximativ 1.000 de persoane, pentru a-\u015fi schimba permisul de conducere, pre\u015fedintele Senatului, C\u0103lin Popescu T\u0103riceanu, a dat explica\u0163ii pentru prima dat\u0103 pentru comportamentul s\u0103u.\u00a0<br \/>\nEl a declarat, la emisiunea &#8220;Subiectiv&#8221; de la Antena 3, c\u0103 a vorbit s\u0103 intre la \u00eenceputul programului astfel \u00eenc\u00e2t s\u0103 nu fac\u0103 un gest ostentativ trec\u00e2nd prin fa\u0163\u0103 \u015fi c\u0103 astfel de lucruri \u00eencearc\u0103 s\u0103 le gestioneze c\u00e2t mai discret posibil.<br \/>\n\u201dDac\u0103 problema permisului meu de conducere ajunge o problem\u0103 de DNA, nu \u00een\u021beleg de ce. \u00cen fine, nu \u00eemi imaginez c\u0103 o s\u0103 fiu \u00een asentimentul tuturor. Plec de la urm\u0103toarea constatare: exist\u0103 \u00een orice stat c\u00e2teva func\u021bii importante, unde oamenii au fost ale\u0219i s\u0103 reprezinte statul \u0219i s\u0103 se dedice \u00een principal problemelor societ\u0103\u021bii. Asta ar trebui s\u0103 fie preocuparea lor principal\u0103. Nu statul la coad\u0103. \u00cen toate \u021b\u0103rile se g\u0103sesc, legal, anumite p\u00e2rghii, care s\u0103 le permit\u0103 s\u0103 se dedicelor problemelor societ\u0103\u021bii. E o problem\u0103 de gestiune a timpului. Da, am vorbit ca s\u0103 merg \u00eenainte de \u00eenceperea programului, s\u0103 nu fac un gest ostentativ. Am dreptul la ma\u0219in\u0103 cu antemerg\u0103tor, SPP \u0219i a\u0219a mai departe. Nu \u0219tiu dac\u0103 am folosit vreodat\u0103. Pentru c\u0103 nu vreau s\u0103 deranjez\u201d a spus C\u0103lin Popescu T\u0103riceanu.<br \/>\nExplica\u0163iile pe care le-a dat C\u0103lin Popescu T\u0103riceanu vin pentru prima dat\u0103 dup\u0103 ce un jurnalist de la News.ro l-a filmat c\u00e2nd a fost s\u0103-\u015fi re\u00eennoiasc\u0103 permisul de conducere ocolind o coad\u0103 de aproximativ 1.000 de persoane prin spatele cl\u0103dirii DRPCIV. La sediul serviciului de permise a fost a\u015fteptat de reprezentan\u0163i ai institu\u0163iei care l-au condus \u00een cl\u0103dire \u015fi i-au f\u0103cut procedurile pentru eliberarea documentului. \u00cen tot acest timp, \u00een care T\u0103riceanu a completat documentele \u015fi a f\u0103cut fotografia pentru noul permis, publicul nu a avut permisiunea s\u0103 intre \u00een cl\u0103dire chiar dac\u0103, oficial, era ora deschiderii.<br \/>\nC\u0103lin Popescu T\u0103riceanu a spus c\u0103 nu face abuz de func\u0163ia sa \u015fi c\u0103, de c\u00e2nd ocup\u0103 func\u0163ii publice, nu \u00ee\u015fi aminte\u015fte s\u0103 fi folosit antemerg\u0103tor de\u015fi are dreptul legal. De asemenea, el a spus c\u0103 \u00ee\u015fi face cump\u0103r\u0103turile singur pentru gospod\u0103rie dar, c\u00e2nd este vorba despre deplas\u0103ri, se ocup\u0103 cabinetul s\u0103u \u015fi angaja\u0163ii SPP de rezervarea caz\u0103rii a biletelor.<br \/>\nMai multe anchete au fost declan\u015fate dup\u0103 ce C\u0103lin Popescu T\u0103riceanu a beneficiat de tratament special pentru preschimbarea permisului de conducere.<\/div>\n<p> Source URL: https:\/\/observatornews.ro\/politic\/prima-reactie-a-lui-tariceanu-dupa-scandalul-permisului-de-conducere-cum-explica-presedintele-senatului-faptul-ca-nu-a-stat-la-coada-183973.html<\/p>\n","protected":false},"excerpt":{"rendered":"<p>La cinci zile dup\u0103 ce a fost filmat c\u00e2nd intra prin spatele cl\u0103dirii DRPCIV ocolind coada de aproximativ 1.000 de persoane, pentru a-\u015fi schimba permisul de conducere, pre\u015fedintele Senatului, C\u0103lin Popescu T\u0103riceanu, a dat explica\u0163ii pentru prima dat\u0103 pentru comportamentul s\u0103u. La cinci zile dup\u0103 ce a fost filmat c\u00e2nd intra prin spatele cl\u0103dirii DRPCIV [&hellip;]<\/p>\n","protected":false},"author":1,"featured_media":370633,"comment_status":"open","ping_status":"","sticky":false,"template":"","format":"standard","meta":{"footnotes":""},"categories":[2],"tags":[30],"class_list":["post-370632","post","type-post","status-publish","format-standard","has-post-thumbnail","hentry","category-politics","tag-observatornews-ro"],"_links":{"self":[{"href":"https:\/\/analyse.optim.biz\/index.php?rest_route=\/wp\/v2\/posts\/370632","targetHints":{"allow":["GET"]}}],"collection":[{"href":"https:\/\/analyse.optim.biz\/index.php?rest_route=\/wp\/v2\/posts"}],"about":[{"href":"https:\/\/analyse.optim.biz\/index.php?rest_route=\/wp\/v2\/types\/post"}],"author":[{"embeddable":true,"href":"https:\/\/analyse.optim.biz\/index.php?rest_route=\/wp\/v2\/users\/1"}],"replies":[{"embeddable":true,"href":"https:\/\/analyse.optim.biz\/index.php?rest_route=%2Fwp%2Fv2%2Fcomments&post=370632"}],"version-history":[{"count":0,"href":"https:\/\/analyse.optim.biz\/index.php?rest_route=\/wp\/v2\/posts\/370632\/revisions"}],"wp:featuredmedia":[{"embeddable":true,"href":"https:\/\/analyse.optim.biz\/index.php?rest_route=\/wp\/v2\/media\/370633"}],"wp:attachment":[{"href":"https:\/\/analyse.optim.biz\/index.php?rest_route=%2Fwp%2Fv2%2Fmedia&parent=370632"}],"wp:term":[{"taxonomy":"category","embeddable":true,"href":"https:\/\/analyse.optim.biz\/index.php?rest_route=%2Fwp%2Fv2%2Fcategories&post=370632"},{"taxonomy":"post_tag","embeddable":true,"href":"https:\/\/analyse.optim.biz\/index.php?rest_route=%2Fwp%2Fv2%2Ftags&post=370632"}],"curies":[{"name":"wp","href":"https:\/\/api.w.org\/{rel}","templated":true}]}}