{"id":370626,"date":"2016-08-24T14:45:00","date_gmt":"2016-08-24T11:45:00","guid":{"rendered":"https:\/\/analyse.optim.biz\/?p=370626"},"modified":"2016-08-24T14:45:00","modified_gmt":"2016-08-24T11:45:00","slug":"alegeri-parlamentare-2016-datele-propuse-de-guvern-pentru-ziua-alegerilor","status":"publish","type":"post","link":"https:\/\/analyse.optim.biz\/?p=370626","title":{"rendered":"Alegeri parlamentare 2016: Datele propuse de Guvern pentru ziua alegerilor"},"content":{"rendered":"<div class=\"description\" data-key=\"description\">Alegeri parlamentare 2016. Data alegerilor va fi anun\u021bat\u0103 c\u00e2t mai cur\u00e2nd, a declarat miercuri purt\u0103torul de cuv\u00e2nt al Guvernului, Liviu Iolu, preciz\u00e2nd c\u0103 exist\u0103 discu\u021bii \u00eentre premierul Dacian Ciolo\u0219 \u0219i liderii partidelor politice pe marginea datei scrutinului parlamentar, fiind luate \u00een calcul zilele de 27 noiembrie, 4 decembrie \u0219i 11 decembrie.<\/div>\n<div class=\"articleBody\" data-key=\"articleBody\">Alegeri parlamentare 2016. Data alegerilor va fi anun\u021bat\u0103 c\u00e2t mai cur\u00e2nd, a declarat miercuri purt\u0103torul de cuv\u00e2nt al Guvernului, Liviu Iolu, preciz\u00e2nd c\u0103 exist\u0103 discu\u021bii \u00eentre premierul Dacian Ciolo\u0219 \u0219i liderii partidelor politice pe marginea datei scrutinului parlamentar, fiind luate \u00een calcul zilele de 27 noiembrie, 4 decembrie \u0219i 11 decembrie.<\/p>\n<p>Alegeri parlamentare 2016. &#8220;Premierul a discutat cu liderii partidelor politice despre data alegerilor. Nu este luat\u0103 \u00eenc\u0103 o decizie, \u00eenc\u0103 se discut\u0103 cu liderii partidelor politice. Data alegerilor va fi anun\u021bat\u0103 c\u00e2t mai cur\u00e2nd, dar nu a fost luat\u0103 \u00eenc\u0103 o decizie cu privire la aceast\u0103 dat\u0103. (&#8230;) Prim-ministrul mi-a confirmat c\u0103 exist\u0103 discu\u021bii cu liderii partidelor&#8221;, a afirmat Iolu, dup\u0103 \u0219edin\u021ba de Guvern.<br \/>\nAlegeri parlamentare 2016. \u00centrebat dac\u0103 variante sunt datele de 27 noiembrie, 4 decembrie \u0219i 11 decembrie pentru organizarea alegerilor generale, Iolu a r\u0103spuns c\u0103 toate aceste zile sunt luate \u00een calcul.<br \/>\nAlegeri parlamentare 2016. &#8220;Pentru unele dintre ele, cel pu\u021bin 27 noiembrie, exist\u0103 o problem\u0103 de neconstitu\u021bionalitate pe care o analizeaz\u0103 Guvernul \u00een stabilirea acestei date. Trebuie s\u0103 se termine mandatele parlamentarilor actuali p\u00e2n\u0103 c\u00e2nd au loc aceste alegeri&#8221;, a explicat purt\u0103torul de cuv\u00e2nt al Executivului.<\/p><\/div>\n<p> Source URL: https:\/\/observatornews.ro\/politic\/alegeri-parlamentare-2016-datele-propuse-de-guvern-pentru-ziua-alegerilor-184527.html<\/p>\n","protected":false},"excerpt":{"rendered":"<p>Alegeri parlamentare 2016. Data alegerilor va fi anun\u021bat\u0103 c\u00e2t mai cur\u00e2nd, a declarat miercuri purt\u0103torul de cuv\u00e2nt al Guvernului, Liviu Iolu, preciz\u00e2nd c\u0103 exist\u0103 discu\u021bii \u00eentre premierul Dacian Ciolo\u0219 \u0219i liderii partidelor politice pe marginea datei scrutinului parlamentar, fiind luate \u00een calcul zilele de 27 noiembrie, 4 decembrie \u0219i 11 decembrie. Alegeri parlamentare 2016. Data [&hellip;]<\/p>\n","protected":false},"author":1,"featured_media":370627,"comment_status":"open","ping_status":"","sticky":false,"template":"","format":"standard","meta":{"footnotes":""},"categories":[2],"tags":[30],"class_list":["post-370626","post","type-post","status-publish","format-standard","has-post-thumbnail","hentry","category-politics","tag-observatornews-ro"],"_links":{"self":[{"href":"https:\/\/analyse.optim.biz\/index.php?rest_route=\/wp\/v2\/posts\/370626","targetHints":{"allow":["GET"]}}],"collection":[{"href":"https:\/\/analyse.optim.biz\/index.php?rest_route=\/wp\/v2\/posts"}],"about":[{"href":"https:\/\/analyse.optim.biz\/index.php?rest_route=\/wp\/v2\/types\/post"}],"author":[{"embeddable":true,"href":"https:\/\/analyse.optim.biz\/index.php?rest_route=\/wp\/v2\/users\/1"}],"replies":[{"embeddable":true,"href":"https:\/\/analyse.optim.biz\/index.php?rest_route=%2Fwp%2Fv2%2Fcomments&post=370626"}],"version-history":[{"count":0,"href":"https:\/\/analyse.optim.biz\/index.php?rest_route=\/wp\/v2\/posts\/370626\/revisions"}],"wp:featuredmedia":[{"embeddable":true,"href":"https:\/\/analyse.optim.biz\/index.php?rest_route=\/wp\/v2\/media\/370627"}],"wp:attachment":[{"href":"https:\/\/analyse.optim.biz\/index.php?rest_route=%2Fwp%2Fv2%2Fmedia&parent=370626"}],"wp:term":[{"taxonomy":"category","embeddable":true,"href":"https:\/\/analyse.optim.biz\/index.php?rest_route=%2Fwp%2Fv2%2Fcategories&post=370626"},{"taxonomy":"post_tag","embeddable":true,"href":"https:\/\/analyse.optim.biz\/index.php?rest_route=%2Fwp%2Fv2%2Ftags&post=370626"}],"curies":[{"name":"wp","href":"https:\/\/api.w.org\/{rel}","templated":true}]}}