{"id":370624,"date":"2016-08-24T14:59:00","date_gmt":"2016-08-24T11:59:00","guid":{"rendered":"https:\/\/analyse.optim.biz\/?p=370624"},"modified":"2016-08-24T14:59:00","modified_gmt":"2016-08-24T11:59:00","slug":"noi-dezvaluiri-din-dosarul-in-care-liviu-dragnea-este-acuzat-de-coruptie-este-incredibil-ce-a-cerut-presedintele-psd","status":"publish","type":"post","link":"https:\/\/analyse.optim.biz\/?p=370624","title":{"rendered":"Noi DEZV\u0102LUIRI din dosarul \u00een care Liviu Dragnea este acuzat de corup\u0163ie. Este incredibil ce a cerut pre\u015fedintele PSD"},"content":{"rendered":"<div class=\"description\" data-key=\"description\">Fosta \u015fef\u0103 a Direc\u0163iei Generale de Asisten\u0163\u0103 Social\u0103 \u015fi Protec\u0163ia Copilului (DGASPC) Teleorman Floarea Alesu a povestit \u00een fa\u0163a anchetatorilor DNA cum Liviu Dragnea i-a cerut s\u0103 men\u0163in\u0103 \u00een func\u0163ii dou\u0103 persoane care lucrau la partid, dar erau pl\u0103tite de DGASPC, unde nu s-au prezentat ani de zile la munc\u0103.<\/div>\n<div class=\"articleBody\" data-key=\"articleBody\">Fosta \u015fef\u0103 a Direc\u0163iei Generale de Asisten\u0163\u0103 Social\u0103 \u015fi Protec\u0163ia Copilului (DGASPC) Teleorman Floarea Alesu a povestit \u00een fa\u0163a anchetatorilor DNA cum Liviu Dragnea i-a cerut s\u0103 men\u0163in\u0103 \u00een func\u0163ii dou\u0103 persoane care lucrau la partid, dar erau pl\u0103tite de DGASPC, unde nu s-au prezentat ani de zile la munc\u0103.<br \/>\nPotrivit actelor din dosarul \u00een care Liviu Dragnea \u015fi fosta sa so\u0163ie Bombonica Prodana au fost trimi\u015fi \u00een judecat\u0103 de DNA pentru fapte de corup\u0163ie, fosta \u015fef\u0103 a DGASPC Floarea Alesu a dat o declara\u0163ie \u00een ianuarie 2015 \u00een care a relatat despre faptul c\u0103 Dragnea \u015ftia de situa\u0163ia angajatelor de la Direc\u0163ie care, ani de zile, nu s-au prezentat la munc\u0103 pentru c\u0103 lucrau la PSD Teleorman.<br \/>\n\u015eefa de la DGASPC Teleorman le-a relatat anchetatorilor c\u0103 a avut o discu\u0163ie cu Anisa Niculina Stoica \u015fi Adriana Botorogeanu, cele dou\u0103 angajate care figurau doar \u00een acte \u015fi \u00een statele de plat\u0103, nu \u015fi la serviciu. Acestea i-au relatat c\u0103 Liviu Dragnea, care era pre\u015fedintele PSD Teleorman, dar \u015fi pre\u015fedintele Consiliului Jude\u0163ean Teleorman la acea dat\u0103, le-a spus c\u0103, de fapt, vor lucra la PSD, \u00eens\u0103 vor fi \u00eenregistrate pe diverse func\u0163ii de la DGASPC Teleorman p\u00e2n\u0103 la data la care se va reu\u015fi angajarea lor definitiv\u0103 \u00een cadrul organiza\u0163iei PSD Teleorman.<br \/>\nAlesu le-a mai spus procurorilor DNA c\u0103, \u00een urma acestei discu\u0163ii, a fost la CJ Teleorman \u015fi a discutat cu Dragnea, pe care l-a informat cu privire la faptul c\u0103 Stoica \u015fi Botorogeanu sunt angajate \u00een cadrul DGASPC Teleorman \u015fi salarizate din bugetul acestei institu\u0163ii, dar c\u0103 lucreaz\u0103 \u00een fapt la sediul organiza\u0163iei PSD Teleorman.<br \/>\n\u015eefa de la DGASPC a precizat c\u0103 i-a men\u0163ionat clar lui Dragnea c\u0103 a descoperit acest aspect \u00een anul 2008, acela fiind \u015fi momentul la care l-a informat pe politician.<br \/>\n\u201dDragnea Liviu Nicolae mi-a confirmat c\u0103 avea cuno\u015ftin\u0163\u0103 despre aceast\u0103 situa\u0163ie \u015fi mi-a cerut s\u0103 le men\u0163in \u00een func\u0163iile de\u0163inute la DGASPC pe cele dou\u0103 \u015fi respectiv s\u0103 tolerez \u00een continuare acea situa\u0163ie, \u00een sensul ca s\u0103 le las pe cele dou\u0103 s\u0103 lucreze tot la sediul DGASPC Teleorman p\u00e2n\u0103 c\u00e2nd va g\u0103si o solu\u0163ie de angajare definitiv\u0103 la sediul PSD Teleorman\u2026\u201d, a mai declarat Alesu \u00een fa\u0163a anchetatorilor.<br \/>\nPre\u015fedintele PSD, Liviu Dragnea, a fost trimis \u00een judecat\u0103, \u00een 15 iulie, de procurorii DNA pentru instigare la abuz \u00een serviciu \u015fi instigare la fals intelectual, \u00een dosarul \u00een care este acuzat al\u0103turi de fosta lui so\u0163ie, Bombonica Prodana, pentru fapte comise pe vremea c\u00e2nd era pre\u015fedinte al Consiliului Jude\u0163ean Teleorman.<br \/>\nDosarul \u00een care Liviu Dragnea va fi judecat pentru instigare la abuz \u00een serviciu \u015fi la fals intelectual a fost trimis de procurorii Direc\u0163iei Na\u0163ionale Anticorup\u0163ie la \u00cenalta Curte de Casa\u0163ie \u015fi Justi\u0163ie.<br \/>\nPre\u015fedintele PSD a fost pus sub acuzare \u00een 6 aprilie \u00een dosarul \u00een care este cercetat\u0103 \u015fi fosta sa so\u0163ie, Bombonica Prodana, precum \u015fi fo\u015fti \u015fefi din Direc\u0163ia General\u0103 de Asisten\u0163\u0103 Social\u0103 \u015fi Protec\u0163ia Copilului Teleorman.<br \/>\n\u00cen acela\u015fi dosar, \u00een 11 mai a fost audiat \u015fi primarul Sectorului 3, Robert Negoi\u0163\u0103, \u00een calitate de martor.<br \/>\nPotrivit procurorilor, \u00een perioada iulie 2006 &#8211; decembrie 2012, Liviu Dragnea, \u00een calitate de pre\u015fedinte al Consiliului Jude\u0163ean Teleorman, respectiv de pre\u015fedinte al organiza\u0163iei jude\u0163ene a unui partid politic, cu inten\u0163ie, a determinat-o pe inculpata Floarea Alesu, la acea vreme director executiv al Direc\u0163iei Generale de Asisten\u0163\u0103 Social\u0103 \u015fi Protec\u0163ia Copilului Teleorman s\u0103 \u00ee\u015fi \u00eencalce atribu\u0163iile de serviciu prin men\u0163inerea \u00een func\u0163ie \u015fi implicit plata drepturilor salariale pentru dou\u0103 angajate ale aceleia\u015fi institu\u0163ii.<br \/>\nFosta so\u0163ie a lui Dragnea, Bombonica Prodana, este acuzat\u0103 de abuz \u00een serviciu, al\u0103turi de fo\u015fti \u015fefi din Direc\u0163ia General\u0103 de Asisten\u0163\u0103 Social\u0103 \u015fi Protec\u0163ia Copilului Teleorman.<br \/>\nBombonica Prodana (fost\u0103 Dragnea) a fost pus\u0103 sub acuzare pentru c\u0103, \u00een perioadele 3 martie &#8211; 1 august 2008 \u015fi 3 iulie 2009 &#8211; 1 august 2010, nu a sanc\u0163ionat dou\u0103 subordonate \u00eencadrate \u00een func\u0163ia de referent la institu\u0163iile pe care le conducea, de\u015fi \u015ftia c\u0103 nu s-au prezentat la serviciu \u015fi nu au respectat prevederile contractului individual de munc\u0103 \u015fi fi\u015fa postului.<br \/>\nLiderul PSD, Liviu Dragnea, a fost condamnat, pe 22 aprilie, de instan\u0163a suprem\u0103, la doi ani de \u00eenchisoare cu suspendare, \u00een dosarul &#8220;Referendumul&#8221;, dup\u0103 ce ini\u0163ial primise un an de \u00eenchisoare cu suspendare, decizia fiind definitiv\u0103.<br \/>\nSecretar general al PSD la data comiterii faptelor, Dragnea a fost judecat pentru infrac\u0163iunea de folosire a influen\u0163ei sau autorit\u0103\u0163ii de c\u0103tre o persoan\u0103 care de\u0163ine o func\u0163ie de conducere \u00eentr-un partid, \u00een scopul ob\u0163inerii pentru sine sau pentru altul de foloase necuvenite.<br \/>\nPotrivit rechizitoriului, din dosarul \u201eReferendumul\u201d Liviu Dragnea, &#8220;cu ocazia organiz\u0103rii \u015fi desf\u0103\u015fur\u0103rii referendumului din 29 iulie 2012, a uzat de influen\u0163a \u015fi autoritatea sa \u00een partid \u00een scopul ob\u0163inerii unor foloase nepatrimoniale de natur\u0103 electoral\u0103, necuvenite, pentru alian\u0163a politic\u0103 din care f\u0103cea parte partidul reprezentat de inculpat, \u015fi anume \u00eendeplinirea cvorumului de participare cu ajutorul voturilor ob\u0163inute \u00een alte condi\u0163ii dec\u00e2t cele legale&#8221;.<br \/>\nConform procurorilor, Liviu Dragnea a coordonat un mecanism complex, \u00een care a implicat mai multe persoane asupra c\u0103rora avea influen\u0163\u0103 \u00een virtutea func\u0163iei pe care o de\u0163inea, av\u00e2nd ca scop fraudarea rezultatelor privind participarea la vot.<br \/>\nSursa: News.ro\n<\/div>\n<p> Source URL: https:\/\/observatornews.ro\/politic\/noi-dezvaluiri-din-dosarul-in-care-liviu-dragnea-este-acuzat-de-coruptie-este-incredibil-ce-a-cerut-presedintele-psd-184528.html<\/p>\n","protected":false},"excerpt":{"rendered":"<p>Fosta \u015fef\u0103 a Direc\u0163iei Generale de Asisten\u0163\u0103 Social\u0103 \u015fi Protec\u0163ia Copilului (DGASPC) Teleorman Floarea Alesu a povestit \u00een fa\u0163a anchetatorilor DNA cum Liviu Dragnea i-a cerut s\u0103 men\u0163in\u0103 \u00een func\u0163ii dou\u0103 persoane care lucrau la partid, dar erau pl\u0103tite de DGASPC, unde nu s-au prezentat ani de zile la munc\u0103. Fosta \u015fef\u0103 a Direc\u0163iei Generale [&hellip;]<\/p>\n","protected":false},"author":1,"featured_media":370625,"comment_status":"open","ping_status":"","sticky":false,"template":"","format":"standard","meta":{"footnotes":""},"categories":[2],"tags":[30],"class_list":["post-370624","post","type-post","status-publish","format-standard","has-post-thumbnail","hentry","category-politics","tag-observatornews-ro"],"_links":{"self":[{"href":"https:\/\/analyse.optim.biz\/index.php?rest_route=\/wp\/v2\/posts\/370624","targetHints":{"allow":["GET"]}}],"collection":[{"href":"https:\/\/analyse.optim.biz\/index.php?rest_route=\/wp\/v2\/posts"}],"about":[{"href":"https:\/\/analyse.optim.biz\/index.php?rest_route=\/wp\/v2\/types\/post"}],"author":[{"embeddable":true,"href":"https:\/\/analyse.optim.biz\/index.php?rest_route=\/wp\/v2\/users\/1"}],"replies":[{"embeddable":true,"href":"https:\/\/analyse.optim.biz\/index.php?rest_route=%2Fwp%2Fv2%2Fcomments&post=370624"}],"version-history":[{"count":0,"href":"https:\/\/analyse.optim.biz\/index.php?rest_route=\/wp\/v2\/posts\/370624\/revisions"}],"wp:featuredmedia":[{"embeddable":true,"href":"https:\/\/analyse.optim.biz\/index.php?rest_route=\/wp\/v2\/media\/370625"}],"wp:attachment":[{"href":"https:\/\/analyse.optim.biz\/index.php?rest_route=%2Fwp%2Fv2%2Fmedia&parent=370624"}],"wp:term":[{"taxonomy":"category","embeddable":true,"href":"https:\/\/analyse.optim.biz\/index.php?rest_route=%2Fwp%2Fv2%2Fcategories&post=370624"},{"taxonomy":"post_tag","embeddable":true,"href":"https:\/\/analyse.optim.biz\/index.php?rest_route=%2Fwp%2Fv2%2Ftags&post=370624"}],"curies":[{"name":"wp","href":"https:\/\/api.w.org\/{rel}","templated":true}]}}