{"id":370588,"date":"2016-08-27T07:30:00","date_gmt":"2016-08-27T04:30:00","guid":{"rendered":"https:\/\/analyse.optim.biz\/?p=370588"},"modified":"2016-08-27T07:30:00","modified_gmt":"2016-08-27T04:30:00","slug":"romania-preocupata-de-scenariile-pe-care-le-exerseaza-armata-rusiei-in-marea-neagra","status":"publish","type":"post","link":"https:\/\/analyse.optim.biz\/?p=370588","title":{"rendered":"Rom\u00e2nia, preocupat\u0103 de SCENARIILE pe care le exerseaz\u0103 armata Rusiei \u00een Marea Neagr\u0103"},"content":{"rendered":"<div class=\"description\" data-key=\"description\">Ministrul Ap\u0103r\u0103rii Na\u021bionale, Mihnea Motoc, a declarat, vineri seara, c\u0103 Rom\u00e2nia este preocupat\u0103 de &#8220;evolu\u021biile \u00eengrijor\u0103toare&#8221; din punct de vedere militar de la Marea Neagr\u0103, din Peninsula Crimeea \u0219i de m\u0103surile de interzicere a accesului \u00een zon\u0103.<\/div>\n<div class=\"articleBody\" data-key=\"articleBody\">Ministrul Ap\u0103r\u0103rii Na\u021bionale, Mihnea Motoc, a declarat, vineri seara, c\u0103 Rom\u00e2nia este preocupat\u0103 de &#8220;evolu\u021biile \u00eengrijor\u0103toare&#8221; din punct de vedere militar de la Marea Neagr\u0103, din Peninsula Crimeea \u0219i de m\u0103surile de interzicere a accesului \u00een zon\u0103.<br \/>\n&#8220;Suntem preocupa\u021bi de exerci\u021biile militare \u0219i de tematica pe care ele o exerseaz\u0103, pe care le vedem derulate de partea rus\u0103. La ora la care vorbim suntem la debutul unei exerci\u021biu operativ strategic de mare amploare Caucaz 2016, care este notificat, dar care este \u00eenso\u021bit de exerci\u021bii complementare auxiliare, care nu sunt notificate. (&#8230;) Suntem preocupa\u021bi de scenariile care se exerseaz\u0103 \u0219i de faptul c\u0103 o serie de exerci\u021bii au loc \u00een zona de instabilitate din Estul Ucrainei \u0219i \u00een Estul Mediteranei, \u00een apropierea costelor siriene&#8217;, a declarat Mihnea Motoc \u00eentr-o emisiune televizat\u0103.<br \/>\nMinistrul Ap\u0103r\u0103rii a spus c\u0103 Rom\u00e2nia va adapta o &#8216;postur\u0103 de descurajare \u0219i de ap\u0103rare&#8217; \u00een rela\u021bia cu Federa\u021bia Rus\u0103, spre care prive\u0219te cu &#8220;precau\u021bie&#8221;, \u00eens\u0103 a dat \u0219i asigur\u0103ri c\u0103 \u021bara noastr\u0103 este deschis\u0103 pentru calea dialogului cu Moscova.<br \/>\n&#8216;Nu suntem nici noi, nici NATO, nici UE \u00een postura \u00een care s\u0103 respingem dialogul \u0219i cooperarea cu Federa\u021bia Rus\u0103&#8217;, a subliniat Motoc.<br \/>\nEl a mai afirmat c\u0103 s-a a\u0219teptat la reac\u021biile reticente ale Federa\u021biei Ruse dup\u0103 activarea scutului de la Deveselu<br \/>\n&#8216;Ne-am obi\u0219nuit cu acest tip de retoric\u0103 din partea oficialilor politici sau conduc\u0103torilor militar ru\u0219i. Ei v\u0103d \u00een dezvoltarea acestei capacit\u0103\u021bi o alterare a echilibrului strategic \u00een regiunea noastr\u0103. Nici noi, nici Alian\u021ba, nici partenerul american, nu avem doctrinar sau politic asemenea valen\u021be pentru scutul de la noi. (&#8230;) Nu e \u00een doctrina noastr\u0103, nu e \u00een politica noastr\u0103 a\u0219a ceva&#8217;, a mai afirmat Mihnea Motoc.<br \/>\nMinistrul a precizat c\u0103 scutul de la Deveselu reprezint\u0103 o &#8216;investi\u021bie de securitate, necesitat\u0103 de proliferarea riscurilor balistice, at\u00e2t din partea unor actori statali, c\u00e2t \u0219i din partea unor actori nestatali din regiunea Orientului Mijlociu&#8217;.<\/div>\n<p> Source URL: https:\/\/observatornews.ro\/politic\/romania-preocupata-de-scenariile-pe-care-le-exerseaza-armata-rusiei-in-marea-neagra-184739.html<\/p>\n","protected":false},"excerpt":{"rendered":"<p>Ministrul Ap\u0103r\u0103rii Na\u021bionale, Mihnea Motoc, a declarat, vineri seara, c\u0103 Rom\u00e2nia este preocupat\u0103 de &#8220;evolu\u021biile \u00eengrijor\u0103toare&#8221; din punct de vedere militar de la Marea Neagr\u0103, din Peninsula Crimeea \u0219i de m\u0103surile de interzicere a accesului \u00een zon\u0103. Ministrul Ap\u0103r\u0103rii Na\u021bionale, Mihnea Motoc, a declarat, vineri seara, c\u0103 Rom\u00e2nia este preocupat\u0103 de &#8220;evolu\u021biile \u00eengrijor\u0103toare&#8221; din punct [&hellip;]<\/p>\n","protected":false},"author":1,"featured_media":370589,"comment_status":"open","ping_status":"","sticky":false,"template":"","format":"standard","meta":{"footnotes":""},"categories":[2],"tags":[30],"class_list":["post-370588","post","type-post","status-publish","format-standard","has-post-thumbnail","hentry","category-politics","tag-observatornews-ro"],"_links":{"self":[{"href":"https:\/\/analyse.optim.biz\/index.php?rest_route=\/wp\/v2\/posts\/370588","targetHints":{"allow":["GET"]}}],"collection":[{"href":"https:\/\/analyse.optim.biz\/index.php?rest_route=\/wp\/v2\/posts"}],"about":[{"href":"https:\/\/analyse.optim.biz\/index.php?rest_route=\/wp\/v2\/types\/post"}],"author":[{"embeddable":true,"href":"https:\/\/analyse.optim.biz\/index.php?rest_route=\/wp\/v2\/users\/1"}],"replies":[{"embeddable":true,"href":"https:\/\/analyse.optim.biz\/index.php?rest_route=%2Fwp%2Fv2%2Fcomments&post=370588"}],"version-history":[{"count":0,"href":"https:\/\/analyse.optim.biz\/index.php?rest_route=\/wp\/v2\/posts\/370588\/revisions"}],"wp:featuredmedia":[{"embeddable":true,"href":"https:\/\/analyse.optim.biz\/index.php?rest_route=\/wp\/v2\/media\/370589"}],"wp:attachment":[{"href":"https:\/\/analyse.optim.biz\/index.php?rest_route=%2Fwp%2Fv2%2Fmedia&parent=370588"}],"wp:term":[{"taxonomy":"category","embeddable":true,"href":"https:\/\/analyse.optim.biz\/index.php?rest_route=%2Fwp%2Fv2%2Fcategories&post=370588"},{"taxonomy":"post_tag","embeddable":true,"href":"https:\/\/analyse.optim.biz\/index.php?rest_route=%2Fwp%2Fv2%2Ftags&post=370588"}],"curies":[{"name":"wp","href":"https:\/\/api.w.org\/{rel}","templated":true}]}}