{"id":370478,"date":"2016-09-13T10:32:00","date_gmt":"2016-09-13T07:32:00","guid":{"rendered":"https:\/\/analyse.optim.biz\/?p=370478"},"modified":"2016-09-13T10:32:00","modified_gmt":"2016-09-13T07:32:00","slug":"breaking-news-hollande-anunta-formarea-unei-armate-comune-a-europei-trebuie-sa-investim-mai-mult-pentru-apararea-europei","status":"publish","type":"post","link":"https:\/\/analyse.optim.biz\/?p=370478","title":{"rendered":"BREAKING NEWS: Hollande anun\u0163\u0103 formarea unei ARMATE comune a Europei: \u201cTrebuie s\u0103 investim mai mult pentru ap\u0103rarea Europei\u201d"},"content":{"rendered":"<div class=\"description\" data-key=\"description\">Pre\u015fedintele Fran\u0163ei, Francois Hollande, a anun\u0163at la Bucure\u015fti c\u0103 sus\u0163ine proiectul organiz\u0103rii unei armate comune europene, \u00een contextul numeroaselor provoc\u0103ri existente pentru securitatea statelor membre UE.<\/div>\n<div class=\"articleBody\" data-key=\"articleBody\">Pre\u015fedintele Fran\u0163ei, Francois Hollande, a anun\u0163at la Bucure\u015fti c\u0103 sus\u0163ine proiectul organiz\u0103rii unei armate comune europene, \u00een contextul numeroaselor provoc\u0103ri existente pentru securitatea statelor membre UE.<br \/>\n\u201cTrebuie s\u0103 investim mai mult pentru ap\u0103rarea Europei, eforturile nu sunt suficiente. Fran\u0163a are cel mai mare buget de ap\u0103rare, dar toate \u0163\u0103rile trebuie s\u0103 se implice mult mai mult. Ap\u0103rarea \u00eempotriva terorismului cere o organizare care s\u0103 fie diferit\u0103 de cea trecut\u0103. Suntem \u00eentr-un moment strategic, Europa trebuie s\u0103 intre \u00eentr-o etap\u0103 nou\u0103 \u00een organizarea \u015fi finan\u0163area ap\u0103r\u0103rii ei\u201d, a declarat Hollande \u00eentr-o conferin\u0163\u0103 de pres\u0103 la Cotroceni.<br \/>\n\u00centrebat dac\u0103 armata comun\u0103 a Europei nu va intra \u00een concuren\u0163\u0103 cu NATO, pre\u015fedintele Fran\u0163ei a r\u0103spuns: \u201c\u0162\u0103rile europene fac parte majoritatea din NATO. Trebuie s\u0103 ne asum\u0103m rolul fiecare. \u00cen cadrul acestei alian\u0163e \u015fi Europa trebuie s\u0103 se organizeze, nu se poate baza doar pe for\u0163e exterioare. Nu facem ceva \u00een afar\u0103, \u00een cadrul alian\u0163ei trebuie s\u0103 ne asigur\u0103m c\u0103 Europa este ap\u0103rat\u0103. Dac\u0103 \u00eentr-o zi vom fi amenin\u0163a\u0163i, trebuie s\u0103 fim autonomi \u00een decizia noastr\u0103. Am fost la summit-ul NATO, din discu\u0163ii s-a degajat aceast\u0103 linie strategic\u0103\u201d.<br \/>\nOpinia lui Hollande este \u00eemp\u0103rt\u0103\u015fit\u0103 \u015fi de Klaus Iohannis. \u201eNu se dore\u015fte a\u015fa ceva. Ap\u0103rarea european\u0103 este o tem\u0103 foarte important\u0103. Avem foarte multe programe \u015fi proiecte NATO. Ceea ce se dore\u015fte nu este o concuren\u0163\u0103, ci o sinergie \u00eentre ini\u0163iativele UE \u015fi NATO, \u00een beneficiul \u015fi unora, \u015fi altora\u201d, a punctat pre\u015fedintele Rom\u00e2niei.<br \/>\nPre\u015fedintele Fran\u0163ei efectueaz\u0103 o vizit\u0103 de stat \u00een Rom\u00e2nia, \u00een program figur\u00e2nd \u00eent\u00e2lniri cu pre\u015fedintele Klaus Iohannis \u015fi cu premierul Dacian Ciolo\u015f, dar \u015fi o vizit\u0103 la laserul de la M\u0103gurele, precum \u015fi inaugurarea fabricii de elicoptere Airbus de la Ghimbav.\n<\/div>\n<p> Source URL: https:\/\/observatornews.ro\/politic\/breaking-news-hollande-anunta-formarea-unei-armate-comune-a-europei-trebuie-sa-investim-mai-mult-pentru-apararea-europei-185882.html<\/p>\n","protected":false},"excerpt":{"rendered":"<p>Pre\u015fedintele Fran\u0163ei, Francois Hollande, a anun\u0163at la Bucure\u015fti c\u0103 sus\u0163ine proiectul organiz\u0103rii unei armate comune europene, \u00een contextul numeroaselor provoc\u0103ri existente pentru securitatea statelor membre UE. Pre\u015fedintele Fran\u0163ei, Francois Hollande, a anun\u0163at la Bucure\u015fti c\u0103 sus\u0163ine proiectul organiz\u0103rii unei armate comune europene, \u00een contextul numeroaselor provoc\u0103ri existente pentru securitatea statelor membre UE. \u201cTrebuie s\u0103 investim [&hellip;]<\/p>\n","protected":false},"author":1,"featured_media":0,"comment_status":"open","ping_status":"","sticky":false,"template":"","format":"standard","meta":{"footnotes":""},"categories":[2],"tags":[30],"class_list":["post-370478","post","type-post","status-publish","format-standard","hentry","category-politics","tag-observatornews-ro"],"_links":{"self":[{"href":"https:\/\/analyse.optim.biz\/index.php?rest_route=\/wp\/v2\/posts\/370478","targetHints":{"allow":["GET"]}}],"collection":[{"href":"https:\/\/analyse.optim.biz\/index.php?rest_route=\/wp\/v2\/posts"}],"about":[{"href":"https:\/\/analyse.optim.biz\/index.php?rest_route=\/wp\/v2\/types\/post"}],"author":[{"embeddable":true,"href":"https:\/\/analyse.optim.biz\/index.php?rest_route=\/wp\/v2\/users\/1"}],"replies":[{"embeddable":true,"href":"https:\/\/analyse.optim.biz\/index.php?rest_route=%2Fwp%2Fv2%2Fcomments&post=370478"}],"version-history":[{"count":0,"href":"https:\/\/analyse.optim.biz\/index.php?rest_route=\/wp\/v2\/posts\/370478\/revisions"}],"wp:attachment":[{"href":"https:\/\/analyse.optim.biz\/index.php?rest_route=%2Fwp%2Fv2%2Fmedia&parent=370478"}],"wp:term":[{"taxonomy":"category","embeddable":true,"href":"https:\/\/analyse.optim.biz\/index.php?rest_route=%2Fwp%2Fv2%2Fcategories&post=370478"},{"taxonomy":"post_tag","embeddable":true,"href":"https:\/\/analyse.optim.biz\/index.php?rest_route=%2Fwp%2Fv2%2Ftags&post=370478"}],"curies":[{"name":"wp","href":"https:\/\/api.w.org\/{rel}","templated":true}]}}