{"id":370477,"date":"2016-09-13T14:00:00","date_gmt":"2016-09-13T11:00:00","guid":{"rendered":"https:\/\/analyse.optim.biz\/?p=370477"},"modified":"2016-09-13T14:00:00","modified_gmt":"2016-09-13T11:00:00","slug":"victor-ponta-scapa-pentru-moment-de-problema-excluderii-din-baroul-bucuresti","status":"publish","type":"post","link":"https:\/\/analyse.optim.biz\/?p=370477","title":{"rendered":"Victor Ponta scap\u0103 pentru moment de problema excluderii din Baroul Bucure\u015fti"},"content":{"rendered":"<div class=\"description\" data-key=\"description\">Baroul Bucure\u015fti a am\u00e2nat, mar\u0163i, luarea unei decizii privind excluderea lui Victor Ponta din avocatur\u0103, p\u00e2n\u0103 c\u00e2nd Ministerul Educa\u0163iei va solu\u0163iona contesta\u0163ia lui Victor Ponta privind ordinul de retragere a titlului de doctor \u015fi Curtea de Apel Bucure\u015fti va da o hot\u0103r\u00e2re \u00een cazul solicit\u0103rii fostului premier.<\/div>\n<div class=\"articleBody\" data-key=\"articleBody\">Baroul Bucure\u015fti a am\u00e2nat, mar\u0163i, luarea unei decizii privind excluderea lui Victor Ponta din avocatur\u0103, p\u00e2n\u0103 c\u00e2nd Ministerul Educa\u0163iei va solu\u0163iona contesta\u0163ia lui Victor Ponta privind ordinul de retragere a titlului de doctor \u015fi Curtea de Apel Bucure\u015fti va da o hot\u0103r\u00e2re \u00een cazul solicit\u0103rii fostului premier.<br \/>\nDecanul Baroului Bucure\u015fti, Ion Dragne, a declarat c\u0103 decizia de suspendare a solu\u0163ion\u0103rii cererii de excludere din avocatur\u0103 a lui Victor Ponta, luat\u0103 cu unanimitate de voturi, este \u201csolu\u0163ia \u00een\u0163eleapt\u0103, pentru a nu crea o insecuritate \u00een raporturile juridice\u201d.<br \/>\n\u201c\u00cen \u015fedin\u0163a de ast\u0103zi, 13 septembrie 2016, analiz\u00e2nd sesizarea doamnei avocat Monica Macovei cu privire la cererea de excludere a domnului Victor Ponta din Baroul Bucure\u015fti, \u0163in\u00e2nd cont de faptul c\u0103 a fost depus\u0103 o dovad\u0103 c\u0103 a fost formulat\u0103 o pl\u00e2ngere \u00eempotriva ordinului ministrului Educa\u0163iei Na\u0163ionale prin care a fost retras titlul de doctor, \u00een unanimitate, Consiliul Baroului Bucure\u015fti a decis s\u0103 suspende solu\u0163ionarea cererii de excludere p\u00e2n\u0103 c\u00e2nd vom \u015fti ce anume va decide ministrul Educa\u0163iei Na\u0163ionale, ministerul, cu privire la pl\u00e2ngerea formulat\u0103 de domnul avocat Victor Ponta. Am apreciat c\u0103 este o solu\u0163ie \u00een\u0163eleapt\u0103, pentru a nu crea o insecuritate \u00een raporturile juridice, fiindc\u0103 o eventual\u0103 revocare a ordinului prin care a fost retras titlul de doctor ar avea consecin\u0163e implicite, indirecte \u015fi cu privire la decizia pe care noi am fi dat-o ast\u0103zi\u201d, a spus Dragne.<br \/>\nDecanul Baroului Bucure\u015fti, Ion Dragne, spunea, la \u015fedin\u0163a precedent\u0103 a Consiliului, \u00een 6 septembrie, c\u0103 nu exist\u0103 o legisla\u0163ie clar\u0103 care s\u0103 l\u0103mureasc\u0103 dac\u0103 o persoan\u0103 intrat\u0103 \u00een avocatur\u0103 f\u0103r\u0103 examen, \u00een baza titlului de doctor, a\u015fa cum este cazul fostului premier, este exclus\u0103 din r\u00e2ndul avoca\u0163ilor \u00een situa\u0163ia \u00een care titlul de doctor i-a fost retras.<br \/>\n&#8220;Nu avem o lege, un text care s\u0103 spun\u0103 c\u0103, dac\u0103 a fost retras titlul de doctor \u00een drept, este de drept retras \u015fi titlul de avocat. (&#8230;) \u015ei noi ne punem, evident, \u00eentreb\u0103ri juridice, f\u0103r\u0103 s\u0103 ne intereseze persoana c\u0103reia i-a fost dat titlul de doctor, strict ca juri\u015fti, ce se \u00eent\u00e2mpl\u0103 cu ordinul \u00een tot acest timp \u015fi care e efectul\u201d, ar\u0103ta atunci Dragne.<br \/>\nEuroparlamentarul Monica Macovei declara, \u00een 6 septembrie, dup\u0103 ce a participat, timp de 45 de minute, la \u015fedin\u0163a Consiliului Baroului Bucure\u015fti, c\u0103 membrii Consiliului trebuie s\u0103 g\u0103seasc\u0103 temeiul juridic \u015fi s\u0103 aplice legea, preciz\u00e2nd c\u0103 pe unii dintre ei nu crede c\u0103 i-a convins c\u0103 Ponta trebuie exclus din avocatur\u0103.<br \/>\nMacovei ar\u0103ta c\u0103, dac\u0103 vrea s\u0103 fie avocat, Ponta ar trebui s\u0103 dea examen.<\/div>\n<p> Source URL: https:\/\/observatornews.ro\/politic\/victor-ponta-scapa-pentru-moment-de-problema-excluderii-din-baroul-bucuresti-185899.html<\/p>\n","protected":false},"excerpt":{"rendered":"<p>Baroul Bucure\u015fti a am\u00e2nat, mar\u0163i, luarea unei decizii privind excluderea lui Victor Ponta din avocatur\u0103, p\u00e2n\u0103 c\u00e2nd Ministerul Educa\u0163iei va solu\u0163iona contesta\u0163ia lui Victor Ponta privind ordinul de retragere a titlului de doctor \u015fi Curtea de Apel Bucure\u015fti va da o hot\u0103r\u00e2re \u00een cazul solicit\u0103rii fostului premier. Baroul Bucure\u015fti a am\u00e2nat, mar\u0163i, luarea unei decizii [&hellip;]<\/p>\n","protected":false},"author":1,"featured_media":0,"comment_status":"open","ping_status":"","sticky":false,"template":"","format":"standard","meta":{"footnotes":""},"categories":[2],"tags":[30],"class_list":["post-370477","post","type-post","status-publish","format-standard","hentry","category-politics","tag-observatornews-ro"],"_links":{"self":[{"href":"https:\/\/analyse.optim.biz\/index.php?rest_route=\/wp\/v2\/posts\/370477","targetHints":{"allow":["GET"]}}],"collection":[{"href":"https:\/\/analyse.optim.biz\/index.php?rest_route=\/wp\/v2\/posts"}],"about":[{"href":"https:\/\/analyse.optim.biz\/index.php?rest_route=\/wp\/v2\/types\/post"}],"author":[{"embeddable":true,"href":"https:\/\/analyse.optim.biz\/index.php?rest_route=\/wp\/v2\/users\/1"}],"replies":[{"embeddable":true,"href":"https:\/\/analyse.optim.biz\/index.php?rest_route=%2Fwp%2Fv2%2Fcomments&post=370477"}],"version-history":[{"count":0,"href":"https:\/\/analyse.optim.biz\/index.php?rest_route=\/wp\/v2\/posts\/370477\/revisions"}],"wp:attachment":[{"href":"https:\/\/analyse.optim.biz\/index.php?rest_route=%2Fwp%2Fv2%2Fmedia&parent=370477"}],"wp:term":[{"taxonomy":"category","embeddable":true,"href":"https:\/\/analyse.optim.biz\/index.php?rest_route=%2Fwp%2Fv2%2Fcategories&post=370477"},{"taxonomy":"post_tag","embeddable":true,"href":"https:\/\/analyse.optim.biz\/index.php?rest_route=%2Fwp%2Fv2%2Ftags&post=370477"}],"curies":[{"name":"wp","href":"https:\/\/api.w.org\/{rel}","templated":true}]}}