{"id":370433,"date":"2016-09-26T11:09:00","date_gmt":"2016-09-26T08:09:00","guid":{"rendered":"https:\/\/analyse.optim.biz\/?p=370433"},"modified":"2016-09-26T11:09:00","modified_gmt":"2016-09-26T08:09:00","slug":"mihai-razvan-ungureanu-a-demisionat-de-la-conducerea-sie-cine-ii-va-lua-locul","status":"publish","type":"post","link":"https:\/\/analyse.optim.biz\/?p=370433","title":{"rendered":"Mihai R\u0103zvan Ungureanu a demisionat de la conducerea SIE. Cine \u00eei va lua locul"},"content":{"rendered":"<div class=\"description\" data-key=\"description\">Mihai R\u0103zvan Ungureanu a demisionat de la conducerea SIE, a declarat purt\u0103torul de cuv\u00e2nt al pre\u015fedintelui Iohannis, care a precizat c\u0103 \u015feful statului a acceptat demisia acestuia.<\/div>\n<div class=\"articleBody\" data-key=\"articleBody\">Mihai R\u0103zvan Ungureanu a demisionat de la conducerea SIE, a declarat purt\u0103torul de cuv\u00e2nt al pre\u015fedintelui Iohannis, care a precizat c\u0103 \u015feful statului a acceptat demisia acestuia.<br \/>\nM\u0103d\u0103lina Dobrovolschi a precizat c\u0103 demisia lui Mihai Ungureanu a fost \u00eenregistrat\u0103 la Administra\u0163ia preziden\u0163ial\u0103, iar pre\u015fedintele Iohannis va accepta aceast\u0103 demisie.<br \/>\nInterimar, conducerea SIE va fi asigurat\u0103 de Silviu Predoiu, a mai precizat purt\u0103torul de cuv\u00e2nt al \u015fefului statului.<br \/>\n\u00cen 24 iunie 2015, pre\u015fedintele Iohannis l-a desemnat pe Ungureanu pentru un nou mandat la conducerea SIE, acesta fiind numit prin votul Parlamentului din 30 iunie 2015.<br \/>\nMihai R\u0103zvan Ungureanu a mai fost \u015fef al SIE \u00een perioada decembrie 2007 &#8211; februarie 2012.<br \/>\nSilviu Predoiu este cunoscut \u00een anul 1958, lucreaz\u0103 \u00een SIE din 1990, iar din anul 2005 este adjunct al directorului SIE. Anterior, Predoiu a lucrat ca geolog la \u00eentreprinderea de metale rare.\n<\/div>\n<p> Source URL: https:\/\/observatornews.ro\/politic\/mihai-razvan-ungureanu-a-demisionat-de-la-conducerea-sie-cine-ii-va-lua-locul-186782.html<\/p>\n","protected":false},"excerpt":{"rendered":"<p>Mihai R\u0103zvan Ungureanu a demisionat de la conducerea SIE, a declarat purt\u0103torul de cuv\u00e2nt al pre\u015fedintelui Iohannis, care a precizat c\u0103 \u015feful statului a acceptat demisia acestuia. Mihai R\u0103zvan Ungureanu a demisionat de la conducerea SIE, a declarat purt\u0103torul de cuv\u00e2nt al pre\u015fedintelui Iohannis, care a precizat c\u0103 \u015feful statului a acceptat demisia acestuia. M\u0103d\u0103lina [&hellip;]<\/p>\n","protected":false},"author":1,"featured_media":370434,"comment_status":"open","ping_status":"","sticky":false,"template":"","format":"standard","meta":{"footnotes":""},"categories":[2],"tags":[30],"class_list":["post-370433","post","type-post","status-publish","format-standard","has-post-thumbnail","hentry","category-politics","tag-observatornews-ro"],"_links":{"self":[{"href":"https:\/\/analyse.optim.biz\/index.php?rest_route=\/wp\/v2\/posts\/370433","targetHints":{"allow":["GET"]}}],"collection":[{"href":"https:\/\/analyse.optim.biz\/index.php?rest_route=\/wp\/v2\/posts"}],"about":[{"href":"https:\/\/analyse.optim.biz\/index.php?rest_route=\/wp\/v2\/types\/post"}],"author":[{"embeddable":true,"href":"https:\/\/analyse.optim.biz\/index.php?rest_route=\/wp\/v2\/users\/1"}],"replies":[{"embeddable":true,"href":"https:\/\/analyse.optim.biz\/index.php?rest_route=%2Fwp%2Fv2%2Fcomments&post=370433"}],"version-history":[{"count":0,"href":"https:\/\/analyse.optim.biz\/index.php?rest_route=\/wp\/v2\/posts\/370433\/revisions"}],"wp:featuredmedia":[{"embeddable":true,"href":"https:\/\/analyse.optim.biz\/index.php?rest_route=\/wp\/v2\/media\/370434"}],"wp:attachment":[{"href":"https:\/\/analyse.optim.biz\/index.php?rest_route=%2Fwp%2Fv2%2Fmedia&parent=370433"}],"wp:term":[{"taxonomy":"category","embeddable":true,"href":"https:\/\/analyse.optim.biz\/index.php?rest_route=%2Fwp%2Fv2%2Fcategories&post=370433"},{"taxonomy":"post_tag","embeddable":true,"href":"https:\/\/analyse.optim.biz\/index.php?rest_route=%2Fwp%2Fv2%2Ftags&post=370433"}],"curies":[{"name":"wp","href":"https:\/\/api.w.org\/{rel}","templated":true}]}}