{"id":370404,"date":"2016-09-26T13:45:00","date_gmt":"2016-09-26T10:45:00","guid":{"rendered":"https:\/\/analyse.optim.biz\/?p=370404"},"modified":"2016-09-26T13:45:00","modified_gmt":"2016-09-26T10:45:00","slug":"iohannis-merge-miercuri-in-germania-pentru-a-primi-un-premiu","status":"publish","type":"post","link":"https:\/\/analyse.optim.biz\/?p=370404","title":{"rendered":"Iohannis merge miercuri \u00een Germania pentru a primi un premiu"},"content":{"rendered":"<div class=\"description\" data-key=\"description\">Pre\u015fedintele Klaus Iohannis va primi, miercuri, la Kiel, premiul Hermann Ehlers 2016, acordat de Funda\u0163ia care poart\u0103 numele fostului pre\u015fedinte al Parlamentului Germaniei, pentru &#8220;sprijinirea statului de drept \u015fi a luptei anticorup\u0163ie&#8221;, anun\u0163\u0103 purt\u0103torul de cuv\u00e2nt al lui Iohannis, M\u0103d\u0103lina Dobrovolschi.<\/div>\n<div class=\"articleBody\" data-key=\"articleBody\">Pre\u015fedintele Klaus Iohannis va primi, miercuri, la Kiel, premiul Hermann Ehlers 2016, acordat de Funda\u0163ia care poart\u0103 numele fostului pre\u015fedinte al Parlamentului Germaniei, pentru &#8220;sprijinirea statului de drept \u015fi a luptei anticorup\u0163ie&#8221;, anun\u0163\u0103 purt\u0103torul de cuv\u00e2nt al lui Iohannis, M\u0103d\u0103lina Dobrovolschi.<br \/>\nPremierea va avea loc la Kiel, distinc\u0163ia fiind acordat\u0103 de c\u0103tre pre\u015fedintele Funda\u0163iei Herman Ehlers, Otto Bernhardt.<br \/>\n&#8220;Este un premiu care este acordat domnului pre\u015fedinte din partea funda\u0163iei cu acela\u015fi nume pentru merite deosebite \u00een sprijinirea statului de drept \u015fi a luptei \u00eempotriva corup\u0163iei. Este un premiu prestigios, unul dintre cele mai importante premii germane. Funda\u0163ia poart\u0103 numele fostului pre\u015fedinte al Parlamentului german \u00eentre 1950-1954. Este un premiu care a fost acordat de-a lungul timpului multor personalit\u0103\u0163i de v\u00e2rf din politic\u0103 tocmai pentru c\u0103 au promovat valorile libert\u0103\u0163ii \u015fi democra\u0163iei. Este o funda\u0163ie care promoveaz\u0103 educa\u0163ia civic\u0103 \u00een spiritul libert\u0103\u0163ii \u015fi democra\u0163iei&#8221;, a spus purt\u0103torul de cuv\u00e2nt al pre\u015fedintelui M\u0103d\u0103lina Dobrovolschi.<br \/>\nPrintre cei care au mai primit acest premiu, acordat anual din 1975, se afl\u0103 fostul cancelar german Helmut Kohl, \u00een 2003, \u015fi pre\u015fedinte CE Jean Claude Juncker, \u00een 2013.<br \/>\nFunda\u0163ia este recunoscut\u0103 \u015fi drept un &#8220;think tank&#8221; al CDU, partidul conservator al cancelarului german Angela Merkel.<\/div>\n<p> Source URL: https:\/\/observatornews.ro\/politic\/iohannis-merge-miercuri-in-germania-pentru-a-primi-un-premiu-186797.html<\/p>\n","protected":false},"excerpt":{"rendered":"<p>Pre\u015fedintele Klaus Iohannis va primi, miercuri, la Kiel, premiul Hermann Ehlers 2016, acordat de Funda\u0163ia care poart\u0103 numele fostului pre\u015fedinte al Parlamentului Germaniei, pentru &#8220;sprijinirea statului de drept \u015fi a luptei anticorup\u0163ie&#8221;, anun\u0163\u0103 purt\u0103torul de cuv\u00e2nt al lui Iohannis, M\u0103d\u0103lina Dobrovolschi. Pre\u015fedintele Klaus Iohannis va primi, miercuri, la Kiel, premiul Hermann Ehlers 2016, acordat de [&hellip;]<\/p>\n","protected":false},"author":1,"featured_media":370406,"comment_status":"open","ping_status":"","sticky":false,"template":"","format":"standard","meta":{"footnotes":""},"categories":[2],"tags":[30],"class_list":["post-370404","post","type-post","status-publish","format-standard","has-post-thumbnail","hentry","category-politics","tag-observatornews-ro"],"_links":{"self":[{"href":"https:\/\/analyse.optim.biz\/index.php?rest_route=\/wp\/v2\/posts\/370404","targetHints":{"allow":["GET"]}}],"collection":[{"href":"https:\/\/analyse.optim.biz\/index.php?rest_route=\/wp\/v2\/posts"}],"about":[{"href":"https:\/\/analyse.optim.biz\/index.php?rest_route=\/wp\/v2\/types\/post"}],"author":[{"embeddable":true,"href":"https:\/\/analyse.optim.biz\/index.php?rest_route=\/wp\/v2\/users\/1"}],"replies":[{"embeddable":true,"href":"https:\/\/analyse.optim.biz\/index.php?rest_route=%2Fwp%2Fv2%2Fcomments&post=370404"}],"version-history":[{"count":0,"href":"https:\/\/analyse.optim.biz\/index.php?rest_route=\/wp\/v2\/posts\/370404\/revisions"}],"wp:featuredmedia":[{"embeddable":true,"href":"https:\/\/analyse.optim.biz\/index.php?rest_route=\/wp\/v2\/media\/370406"}],"wp:attachment":[{"href":"https:\/\/analyse.optim.biz\/index.php?rest_route=%2Fwp%2Fv2%2Fmedia&parent=370404"}],"wp:term":[{"taxonomy":"category","embeddable":true,"href":"https:\/\/analyse.optim.biz\/index.php?rest_route=%2Fwp%2Fv2%2Fcategories&post=370404"},{"taxonomy":"post_tag","embeddable":true,"href":"https:\/\/analyse.optim.biz\/index.php?rest_route=%2Fwp%2Fv2%2Ftags&post=370404"}],"curies":[{"name":"wp","href":"https:\/\/api.w.org\/{rel}","templated":true}]}}