{"id":370296,"date":"2016-10-11T11:36:00","date_gmt":"2016-10-11T08:36:00","guid":{"rendered":"https:\/\/analyse.optim.biz\/?p=370296"},"modified":"2016-10-11T11:36:00","modified_gmt":"2016-10-11T08:36:00","slug":"presedintele-cnatdcu-a-demisionat-nu-are-rost-sa-conduc-o-institutie-decorativa","status":"publish","type":"post","link":"https:\/\/analyse.optim.biz\/?p=370296","title":{"rendered":"Pre\u015fedintele CNATDCU a demisionat: Nu are rost s\u0103 conduc o institu\u0163ie decorativ\u0103"},"content":{"rendered":"<div class=\"description\" data-key=\"description\">Pre\u015fedintele CNATDCU, Viorel Barbu, a demisionat, acesta declar\u00e2nd, mar\u0163i, c\u0103 a renun\u0163at la func\u0163ie \u00een condi\u0163iile \u00een care Senatul a votat legea privind plagiatul, iar el nu vrea s\u0103 conduc\u0103 o &#8220;institu\u0163ie decorativ\u0103&#8221;.<\/div>\n<div class=\"articleBody\" data-key=\"articleBody\">Pre\u015fedintele CNATDCU, Viorel Barbu, a demisionat, acesta declar\u00e2nd, mar\u0163i, c\u0103 a renun\u0163at la func\u0163ie \u00een condi\u0163iile \u00een care Senatul a votat legea privind plagiatul, iar el nu vrea s\u0103 conduc\u0103 o &#8220;institu\u0163ie decorativ\u0103&#8221;.<br \/>\n&#8220;Mi-am dat demisia. Nu are rost s\u0103 r\u0103m\u00e2n \u00een fruntea unei institu\u0163ii decorative&#8221;, a declarat Viorel Barbu.<br \/>\nEl a precizat c\u0103 a luat decizia de a demisiona din func\u0163ia de pre\u015fedinte al Consiliului Na\u0163ional pentru Atestarea Diplomelor \u015fi Certificatelor Universitare (CNATDCU) dup\u0103 votul din Senat privind plagiatul.<br \/>\nViorel Barbu era la conducerea CNATDCU din 16 iunie, c\u00e2nd a fost ales prin votul membrilor Consiliului. El a fost ales la conducerea CNATDCU dup\u0103 ce \u00een 10 iunie ministrul Educa\u0163iei aprobase noua componen\u0163\u0103 a acestui for.<br \/>\nSenatorii a respins, luni, cu 90 voturi pentru, 12 \u00eempotriv\u0103 \u015fi \u015fase ab\u0163ineri cererea de reexaminare privind Legea de adoptare a Ordonan\u0163ei de Urgen\u0163\u0103 a Guvernului privind plagiatul, fiind men\u0163inute modific\u0103rile comisiei de \u00eenv\u0103\u0163\u0103m\u00e2nt, prin care acordarea sau retragerea titlului de doctor va fi f\u0103cut\u0103 de Senatul universit\u0103\u0163ilor, nu de ministrul Educa\u0163iei, CNATDCU r\u0103m\u00e2n\u00e2nd o instan\u0163\u0103 de recurs. Proiectul a trecut de Senat, \u00een calitate de for decizional, cu un raport de adoptare \u00een forma ini\u0163ial\u0103 a legii, fiind respins\u0103 cererea de reexaminare a \u015fefului statului, dup\u0103 ce \u015fi la Camera Deputa\u0163ilor cererea pre\u015fedintelui a fost respins\u0103, nefiind \u00eentrunit num\u0103rul necesar de voturi.<br \/>\nReprezentantul Guvernului, Lauren\u0163iu Vlad, secretar de stat \u00een Ministerul Educa\u0163iei, a transmis c\u0103 \u201dmodific\u0103rile legislative introduse, de\u015fi declarativ au ca scop descentralizarea, risc\u0103 s\u0103 submineze calitatea \u00eenv\u0103\u0163\u0103m\u00e2ntului superior\u201d.<br \/>\nPre\u015fedintele Klaus Iohannis a transmis, luni sear\u0103, c\u0103 decizia Senatului prin care s-a respins cererea sa de reexaminare a legii de aprobare a OUG privind plagiatul &#8220;risc\u0103 s\u0103 afecteze&#8221; verificarea impar\u0163ial\u0103 a acuza\u0163iilor \u00een aceste cazuri \u015fi consider\u0103 c\u0103 graba senatorilor de a opera modific\u0103ri, f\u0103r\u0103 dezbateri, este &#8220;suspect\u0103&#8221;.<br \/>\n&#8220;\u00cen cazurile \u00een care exist\u0103 indiciile unor plagiate, avem nevoie de verdicte clare, realizate dup\u0103 criterii transparente. Decizia de ast\u0103zi a Senatului risc\u0103 s\u0103 afecteze verificarea impar\u0163ial\u0103 a acuza\u0163iilor de plagiat, care au devenit tot mai dese \u00een ultimii ani. Este cel pu\u0163in suspect\u0103 graba cu care s-a ac\u0163ionat pentru modificarea Legii educa\u0163iei, f\u0103r\u0103 o discu\u0163ie pe fond, \u00eentr-un moment \u00een care toat\u0103 lumea a\u015fteapt\u0103 integritate \u015fi performan\u0163\u0103&#8221;, afirma pre\u015fedintele, \u00eentr-un mesaj pe Facebook.<\/div>\n<p> Source URL: https:\/\/observatornews.ro\/politic\/presedintele-cnatdcu-a-demisionat-nu-are-rost-sa-conduc-o-institutie-decorativa-187829.html<\/p>\n","protected":false},"excerpt":{"rendered":"<p>Pre\u015fedintele CNATDCU, Viorel Barbu, a demisionat, acesta declar\u00e2nd, mar\u0163i, c\u0103 a renun\u0163at la func\u0163ie \u00een condi\u0163iile \u00een care Senatul a votat legea privind plagiatul, iar el nu vrea s\u0103 conduc\u0103 o &#8220;institu\u0163ie decorativ\u0103&#8221;. Pre\u015fedintele CNATDCU, Viorel Barbu, a demisionat, acesta declar\u00e2nd, mar\u0163i, c\u0103 a renun\u0163at la func\u0163ie \u00een condi\u0163iile \u00een care Senatul a votat legea [&hellip;]<\/p>\n","protected":false},"author":1,"featured_media":370297,"comment_status":"open","ping_status":"","sticky":false,"template":"","format":"standard","meta":{"footnotes":""},"categories":[2],"tags":[30],"class_list":["post-370296","post","type-post","status-publish","format-standard","has-post-thumbnail","hentry","category-politics","tag-observatornews-ro"],"_links":{"self":[{"href":"https:\/\/analyse.optim.biz\/index.php?rest_route=\/wp\/v2\/posts\/370296","targetHints":{"allow":["GET"]}}],"collection":[{"href":"https:\/\/analyse.optim.biz\/index.php?rest_route=\/wp\/v2\/posts"}],"about":[{"href":"https:\/\/analyse.optim.biz\/index.php?rest_route=\/wp\/v2\/types\/post"}],"author":[{"embeddable":true,"href":"https:\/\/analyse.optim.biz\/index.php?rest_route=\/wp\/v2\/users\/1"}],"replies":[{"embeddable":true,"href":"https:\/\/analyse.optim.biz\/index.php?rest_route=%2Fwp%2Fv2%2Fcomments&post=370296"}],"version-history":[{"count":0,"href":"https:\/\/analyse.optim.biz\/index.php?rest_route=\/wp\/v2\/posts\/370296\/revisions"}],"wp:featuredmedia":[{"embeddable":true,"href":"https:\/\/analyse.optim.biz\/index.php?rest_route=\/wp\/v2\/media\/370297"}],"wp:attachment":[{"href":"https:\/\/analyse.optim.biz\/index.php?rest_route=%2Fwp%2Fv2%2Fmedia&parent=370296"}],"wp:term":[{"taxonomy":"category","embeddable":true,"href":"https:\/\/analyse.optim.biz\/index.php?rest_route=%2Fwp%2Fv2%2Fcategories&post=370296"},{"taxonomy":"post_tag","embeddable":true,"href":"https:\/\/analyse.optim.biz\/index.php?rest_route=%2Fwp%2Fv2%2Ftags&post=370296"}],"curies":[{"name":"wp","href":"https:\/\/api.w.org\/{rel}","templated":true}]}}