{"id":370193,"date":"2016-10-26T08:00:00","date_gmt":"2016-10-26T05:00:00","guid":{"rendered":"https:\/\/analyse.optim.biz\/?p=370193"},"modified":"2016-10-26T08:00:00","modified_gmt":"2016-10-26T05:00:00","slug":"ministrul-fondurilor-europene-cristian-ghinea-isi-anunta-plecarea-din-guvern","status":"publish","type":"post","link":"https:\/\/analyse.optim.biz\/?p=370193","title":{"rendered":"Ministrul Fondurilor Europene, Cristian Ghinea, \u00ee\u015fi anun\u0163\u0103 plecarea din Guvern"},"content":{"rendered":"<div class=\"description\" data-key=\"description\">Ministrul Fondurilor Europene, Cristian Ghinea, \u00ee\u015fi anun\u0163\u0103 plecarea din Guvern, el preciz\u00e2nd c\u0103 miercuri este ultima \u015fedin\u0163\u0103 a \u201dGuvernului Ciolo\u015f 1\u201d la care particip\u0103.<\/div>\n<div class=\"articleBody\" data-key=\"articleBody\">Ministrul Fondurilor Europene, Cristian Ghinea, \u00ee\u015fi anun\u0163\u0103 plecarea din Guvern, el preciz\u00e2nd c\u0103 miercuri este ultima \u015fedin\u0163\u0103 a \u201dGuvernului Ciolo\u015f 1\u201d la care particip\u0103.<br \/>\n\u201dUltima mea \u015fedin\u0163\u0103 ca membru \u00een Guvernul Ciolo\u015f 1. E un sentiment ciudat. Pare un secol privind \u00eenapoi, dar nu au trecut nici \u015fase luni de ministeriat, nici un an de c\u00e2nd am mers la Cancelarie\u201d, scrie Cristian Ghinea pe pagina sa de Facebook.<br \/>\nEl spune despre experien\u0163a \u00een Guvern c\u0103 a fost intens\u0103 \u015fi c\u0103 a fost o onoare pentru el.<br \/>\n\u201dDe azi \u00eencepe altceva\u201d, mai scrie Cristian Ghinea, f\u0103r\u0103 a face alte preciz\u0103ri.<br \/>\nMinistrul Fondurilor Europene, Cristian Ghinea, va candida la alegerile parlamentare pe listele Uniunii Salva\u0163i Rom\u00e2nia, urm\u00e2nd s\u0103 anun\u0163e miercuri, oficial, candidatura, au declarat surse din USR, mar\u0163i, pentru News.ro.<br \/>\nCristian Ghinea a convenit cu USR s\u0103 se \u00eenscrie \u00een acest partid \u015fi s\u0103 candideze la alegerile din 11 decembrie, pentru un loc de parlamentar de Bucure\u015fti. Anun\u0163ul oficial urmeaz\u0103 s\u0103 fie f\u0103cut miercuri.<br \/>\nPre\u015fedintele USR, Nicu\u015for Dan, va anun\u0163a listele de candida\u0163i ai partidului, miercuri, \u00eentr-o conferin\u0163\u0103 de pres\u0103.<br \/>\nJoi, 27 octombrie, este ultima zi \u00een care pot fi depuse listele de candida\u0163i la birourile electorale.<\/div>\n<p> Source URL: https:\/\/observatornews.ro\/politic\/ministrul-fondurilor-europene-cristian-ghinea-isi-anunta-plecarea-din-guvern-188824.html<\/p>\n","protected":false},"excerpt":{"rendered":"<p>Ministrul Fondurilor Europene, Cristian Ghinea, \u00ee\u015fi anun\u0163\u0103 plecarea din Guvern, el preciz\u00e2nd c\u0103 miercuri este ultima \u015fedin\u0163\u0103 a \u201dGuvernului Ciolo\u015f 1\u201d la care particip\u0103. Ministrul Fondurilor Europene, Cristian Ghinea, \u00ee\u015fi anun\u0163\u0103 plecarea din Guvern, el preciz\u00e2nd c\u0103 miercuri este ultima \u015fedin\u0163\u0103 a \u201dGuvernului Ciolo\u015f 1\u201d la care particip\u0103. \u201dUltima mea \u015fedin\u0163\u0103 ca membru \u00een Guvernul [&hellip;]<\/p>\n","protected":false},"author":1,"featured_media":370194,"comment_status":"open","ping_status":"","sticky":false,"template":"","format":"standard","meta":{"footnotes":""},"categories":[2],"tags":[30],"class_list":["post-370193","post","type-post","status-publish","format-standard","has-post-thumbnail","hentry","category-politics","tag-observatornews-ro"],"_links":{"self":[{"href":"https:\/\/analyse.optim.biz\/index.php?rest_route=\/wp\/v2\/posts\/370193","targetHints":{"allow":["GET"]}}],"collection":[{"href":"https:\/\/analyse.optim.biz\/index.php?rest_route=\/wp\/v2\/posts"}],"about":[{"href":"https:\/\/analyse.optim.biz\/index.php?rest_route=\/wp\/v2\/types\/post"}],"author":[{"embeddable":true,"href":"https:\/\/analyse.optim.biz\/index.php?rest_route=\/wp\/v2\/users\/1"}],"replies":[{"embeddable":true,"href":"https:\/\/analyse.optim.biz\/index.php?rest_route=%2Fwp%2Fv2%2Fcomments&post=370193"}],"version-history":[{"count":0,"href":"https:\/\/analyse.optim.biz\/index.php?rest_route=\/wp\/v2\/posts\/370193\/revisions"}],"wp:featuredmedia":[{"embeddable":true,"href":"https:\/\/analyse.optim.biz\/index.php?rest_route=\/wp\/v2\/media\/370194"}],"wp:attachment":[{"href":"https:\/\/analyse.optim.biz\/index.php?rest_route=%2Fwp%2Fv2%2Fmedia&parent=370193"}],"wp:term":[{"taxonomy":"category","embeddable":true,"href":"https:\/\/analyse.optim.biz\/index.php?rest_route=%2Fwp%2Fv2%2Fcategories&post=370193"},{"taxonomy":"post_tag","embeddable":true,"href":"https:\/\/analyse.optim.biz\/index.php?rest_route=%2Fwp%2Fv2%2Ftags&post=370193"}],"curies":[{"name":"wp","href":"https:\/\/api.w.org\/{rel}","templated":true}]}}