{"id":370004,"date":"2016-12-09T08:30:00","date_gmt":"2016-12-09T05:30:00","guid":{"rendered":"https:\/\/analyse.optim.biz\/?p=370004"},"modified":"2016-12-09T08:30:00","modified_gmt":"2016-12-09T05:30:00","slug":"instanta-suprema-a-decis-sa-inceapa-judecata-in-dosarul-lui-liviu-dragnea","status":"publish","type":"post","link":"https:\/\/analyse.optim.biz\/?p=370004","title":{"rendered":"Instan\u0163a suprem\u0103 a decis s\u0103 \u00eenceap\u0103 judecata \u00een dosarul lui Liviu Dragnea"},"content":{"rendered":"<div class=\"description\" data-key=\"description\">Magistra\u0163ii de la \u00cenalta Curte de Casa\u0163ie \u015fi Justi\u0163ie au dispus \u00eenceperea judec\u0103rii pe fond \u00een dosarul \u00een care pre\u015fedintele PSD, Liviu Dragnea, este acuzat de instigare la abuz \u00een serviciu \u00een leg\u0103tur\u0103 cu angajarea a dou\u0103 membre de partid la Direc\u0163ia General\u0103 de Asisten\u0163\u0103 Social\u0103 \u015fi Protec\u0163ia Copilului (DGASPC) Teleorman.<\/div>\n<div class=\"articleBody\" data-key=\"articleBody\">Magistra\u0163ii de la \u00cenalta Curte de Casa\u0163ie \u015fi Justi\u0163ie au dispus \u00eenceperea judec\u0103rii pe fond \u00een dosarul \u00een care pre\u015fedintele PSD, Liviu Dragnea, este acuzat de instigare la abuz \u00een serviciu \u00een leg\u0103tur\u0103 cu angajarea a dou\u0103 membre de partid la Direc\u0163ia General\u0103 de Asisten\u0163\u0103 Social\u0103 \u015fi Protec\u0163ia Copilului (DGASPC) Teleorman.<\/p>\n<p>Instan\u0163a suprem\u0103 a respins contesta\u0163iile depuse de Liviu Dragnea \u015fi fosta sa so\u0163ie, Bombonica Prodana, dup\u0103 ce \u00een luna octombrie un alt complet de judecat\u0103 le-a respins toate cererile \u015fi excep\u0163iile formulate \u00een acest dosar.<\/p>\n<p>Judec\u0103torii au stabilit atunci c\u0103 probele \u015fi actele de urm\u0103rire penal\u0103 efectuate de procurorii DNA au fost administrate legal, astfel \u00eenc\u00e2t se poate \u00eencepe judecarea pe fond a dosarului.<\/p>\n<p>Decizia este definitiv\u0103.<\/p>\n<p>Dragnea a fost trimis \u00een judecat\u0103 de DNA pentru s\u0103v\u00e2r\u015firea, \u00een calitate de pre\u015fedinte al Consiliului Jude\u0163ean Teleorman, a infrac\u0163iunilor de instigare la abuz \u00een serviciu \u015fi instigare la fals intelectual.<\/p>\n<p>Conform DNA, Dragnea a intervenit pentru men\u0163inerea \u00een func\u0163ie \u015fi plata drepturilor salariale pentru dou\u0103 angajate de la DGASPC Teleorman, de\u015fi \u015ftia c\u0103 acestea lucrau de fapt \u00een cadrul organiza\u0163iei PSD Teleorman.<\/p>\n<p>\u00cen acela\u015fi dosar, au fost trimise \u00een judecat\u0103 \u015fi alte persoane, printre care \u015fi fosta so\u0163ie a lui Dragnea, Bombonica Prodana, la data comiterii faptei coordonator al Complexului de servicii destinate copilului \u015fi familiei \u015fi \u015fef serviciu Secretariat din cadrul Direc\u0163iei Generale de Asisten\u0163\u0103 Social\u0103 \u015fi Protec\u0163ia Copilului Teleorman, cu privire la s\u0103v\u00e2r\u015firea infrac\u0163iunii de abuz \u00een serviciu dac\u0103 func\u0163ionarul public a ob\u0163inut pentru sine ori pentru altul un folos necuvenit.\n<\/p><\/div>\n<p> Source URL: https:\/\/observatornews.ro\/politic\/instanta-suprema-a-decis-sa-inceapa-judecata-in-dosarul-lui-liviu-dragnea-192010.html<\/p>\n","protected":false},"excerpt":{"rendered":"<p>Magistra\u0163ii de la \u00cenalta Curte de Casa\u0163ie \u015fi Justi\u0163ie au dispus \u00eenceperea judec\u0103rii pe fond \u00een dosarul \u00een care pre\u015fedintele PSD, Liviu Dragnea, este acuzat de instigare la abuz \u00een serviciu \u00een leg\u0103tur\u0103 cu angajarea a dou\u0103 membre de partid la Direc\u0163ia General\u0103 de Asisten\u0163\u0103 Social\u0103 \u015fi Protec\u0163ia Copilului (DGASPC) Teleorman. Magistra\u0163ii de la \u00cenalta [&hellip;]<\/p>\n","protected":false},"author":1,"featured_media":0,"comment_status":"open","ping_status":"","sticky":false,"template":"","format":"standard","meta":{"footnotes":""},"categories":[2],"tags":[30],"class_list":["post-370004","post","type-post","status-publish","format-standard","hentry","category-politics","tag-observatornews-ro"],"_links":{"self":[{"href":"https:\/\/analyse.optim.biz\/index.php?rest_route=\/wp\/v2\/posts\/370004","targetHints":{"allow":["GET"]}}],"collection":[{"href":"https:\/\/analyse.optim.biz\/index.php?rest_route=\/wp\/v2\/posts"}],"about":[{"href":"https:\/\/analyse.optim.biz\/index.php?rest_route=\/wp\/v2\/types\/post"}],"author":[{"embeddable":true,"href":"https:\/\/analyse.optim.biz\/index.php?rest_route=\/wp\/v2\/users\/1"}],"replies":[{"embeddable":true,"href":"https:\/\/analyse.optim.biz\/index.php?rest_route=%2Fwp%2Fv2%2Fcomments&post=370004"}],"version-history":[{"count":0,"href":"https:\/\/analyse.optim.biz\/index.php?rest_route=\/wp\/v2\/posts\/370004\/revisions"}],"wp:attachment":[{"href":"https:\/\/analyse.optim.biz\/index.php?rest_route=%2Fwp%2Fv2%2Fmedia&parent=370004"}],"wp:term":[{"taxonomy":"category","embeddable":true,"href":"https:\/\/analyse.optim.biz\/index.php?rest_route=%2Fwp%2Fv2%2Fcategories&post=370004"},{"taxonomy":"post_tag","embeddable":true,"href":"https:\/\/analyse.optim.biz\/index.php?rest_route=%2Fwp%2Fv2%2Ftags&post=370004"}],"curies":[{"name":"wp","href":"https:\/\/api.w.org\/{rel}","templated":true}]}}