{"id":369970,"date":"2016-12-10T19:50:00","date_gmt":"2016-12-10T16:50:00","guid":{"rendered":"https:\/\/analyse.optim.biz\/?p=369970"},"modified":"2016-12-10T19:50:00","modified_gmt":"2016-12-10T16:50:00","slug":"alegeri-parlamentare-2016-el-este-primul-roman-care-a-votat","status":"publish","type":"post","link":"https:\/\/analyse.optim.biz\/?p=369970","title":{"rendered":"ALEGERI PARLAMENTARE 2016. El este primul rom\u00e2n care a votat"},"content":{"rendered":"<div class=\"description\" data-key=\"description\">ALEGERI PARLAMENTARE 2016. Ministerul Afacerilor Externe a postat pe pagina sa de Facebook o fotografie cu primul rom\u00e2n care a votat la alegerile parlamentare.<\/div>\n<div class=\"articleBody\" data-key=\"articleBody\">ALEGERI PARLAMENTARE 2016. Ministerul Afacerilor Externe a postat pe pagina sa de Facebook o fotografie cu primul rom\u00e2n care a votat la alegerile parlamentare.<\/p>\n<p>ALEGERI PARLAMENTARE 2016. Este vorba despre un b\u0103rbat din Noua Zeeland\u0103.<\/p>\n<p>INFORMARESet\u0103rile tale privind cookie-urile nu permit afi\u0219area con\u021binutului din aceast\u0103 zon\u0103. E necesar s\u0103 accep\u021bi cookie-urile social media pentru afisarea acestui tip de con\u021binut. Modific\u0103 set\u0103rile<\/p>\n<p>ALEGERI PARLAMENTARE 2016. Votul la alegerile pentru Senat \u015fi Camera Deputa\u0163ilor a \u00eenceput \u00een str\u0103in\u0103tate la Auckland, Noua Zeeland\u0103, la ora 20,00, ora Rom\u00e2niei (ora 07,00 ora local\u0103), \u00een sec\u0163ia\u00a0nr. 18, cea mai \u00eendep\u0103rtat\u0103 sec\u0163ie de vot organizat\u0103 \u00een afara grani\u0163elor Rom\u00e2niei, se men\u0163ioneaz\u0103 \u00eentr-un comunicat al Ministerului Afacerilor Externe (MAE).<\/p>\n<p>ALEGERI PARLAMENTARE 2016.\u00a0Potrivit sursei citate, \u00een ansamblu, votul \u00een str\u0103in\u0103tate se va desf\u0103\u015fura pe durata a 35 de ore. Raportat la fusul orar din Rom\u00e2nia, procesul electoral din str\u0103in\u0103tate se va \u00eencheia luni, 12 decembrie 2016, la ora 07,00 (ora Rom\u00e2niei), pe Coasta de Vest a SUA (sec\u0163iile de vot de la Los Angeles, Sacramento, Seattle, San Francisco, Las Vegas \u015fi Portland) \u015fi la Vancouver \u00een Canada.<\/p>\n<p>ALEGERI PARLAMENTARE 2016.\u00a0&#8220;P\u00e2n\u0103 se vor deschide sec\u0163iile de votare din Rom\u00e2nia, rom\u00e2ni din 34 de state vor fi \u00eenceput deja s\u0103 voteze. Odat\u0103 cu votul din \u0163ara noastr\u0103, va debuta votul \u015fi pentru rom\u00e2nii care se afl\u0103 \u00een alte 16 \u0163\u0103ri din Europa, Orientul Mijlociu \u015fi Africa.<\/p>\n<p>ALEGERI PARLAMENTARE 2016.\u00a0Conform legii, scrutinul se va derula \u00een intervalul orar 07,00-21,00 (ora local\u0103)&#8221;, se mai arat\u0103 \u00een comunicatul MAE.\n<\/p><\/div>\n<p> Source URL: https:\/\/observatornews.ro\/politic\/alegeri-parlamentare-2016-el-este-primul-roman-care-a-votat-192137.html<\/p>\n","protected":false},"excerpt":{"rendered":"<p>ALEGERI PARLAMENTARE 2016. Ministerul Afacerilor Externe a postat pe pagina sa de Facebook o fotografie cu primul rom\u00e2n care a votat la alegerile parlamentare. ALEGERI PARLAMENTARE 2016. Ministerul Afacerilor Externe a postat pe pagina sa de Facebook o fotografie cu primul rom\u00e2n care a votat la alegerile parlamentare. ALEGERI PARLAMENTARE 2016. Este vorba despre un [&hellip;]<\/p>\n","protected":false},"author":1,"featured_media":0,"comment_status":"open","ping_status":"","sticky":false,"template":"","format":"standard","meta":{"footnotes":""},"categories":[2],"tags":[30],"class_list":["post-369970","post","type-post","status-publish","format-standard","hentry","category-politics","tag-observatornews-ro"],"_links":{"self":[{"href":"https:\/\/analyse.optim.biz\/index.php?rest_route=\/wp\/v2\/posts\/369970","targetHints":{"allow":["GET"]}}],"collection":[{"href":"https:\/\/analyse.optim.biz\/index.php?rest_route=\/wp\/v2\/posts"}],"about":[{"href":"https:\/\/analyse.optim.biz\/index.php?rest_route=\/wp\/v2\/types\/post"}],"author":[{"embeddable":true,"href":"https:\/\/analyse.optim.biz\/index.php?rest_route=\/wp\/v2\/users\/1"}],"replies":[{"embeddable":true,"href":"https:\/\/analyse.optim.biz\/index.php?rest_route=%2Fwp%2Fv2%2Fcomments&post=369970"}],"version-history":[{"count":0,"href":"https:\/\/analyse.optim.biz\/index.php?rest_route=\/wp\/v2\/posts\/369970\/revisions"}],"wp:attachment":[{"href":"https:\/\/analyse.optim.biz\/index.php?rest_route=%2Fwp%2Fv2%2Fmedia&parent=369970"}],"wp:term":[{"taxonomy":"category","embeddable":true,"href":"https:\/\/analyse.optim.biz\/index.php?rest_route=%2Fwp%2Fv2%2Fcategories&post=369970"},{"taxonomy":"post_tag","embeddable":true,"href":"https:\/\/analyse.optim.biz\/index.php?rest_route=%2Fwp%2Fv2%2Ftags&post=369970"}],"curies":[{"name":"wp","href":"https:\/\/api.w.org\/{rel}","templated":true}]}}