{"id":369873,"date":"2016-12-11T22:24:00","date_gmt":"2016-12-11T19:24:00","guid":{"rendered":"https:\/\/analyse.optim.biz\/?p=369873"},"modified":"2016-12-11T22:24:00","modified_gmt":"2016-12-11T19:24:00","slug":"rezultate-alegeri-victor-ponta-psd-a-obtinut-un-scor-extraordinar-seful-partidului-trebuie-sa-fie-si-seful-guvernului","status":"publish","type":"post","link":"https:\/\/analyse.optim.biz\/?p=369873","title":{"rendered":"REZULTATE ALEGERI. Victor Ponta: PSD a ob\u0163inut un scor extraordinar. \u015eeful partidului trebuie s\u0103 fie \u015fi \u015feful Guvernului"},"content":{"rendered":"<div class=\"description\" data-key=\"description\">Fostul premier Victor Ponta a declarat, duminic\u0103 sear\u0103, c\u0103 PSD a ob\u0163inut un scor &#8220;extraordinar&#8221; la alegerile parlamentare, iar dac\u0103 oamenii vor eficien\u0163\u0103, atunci &#8220;\u015feful partidului e \u015fi \u015feful Guvernului&#8221;, f\u0103c\u00e2nd referire la Liviu Dragnea.<\/div>\n<div class=\"articleBody\" data-key=\"articleBody\">Fostul premier Victor Ponta a declarat, duminic\u0103 sear\u0103, c\u0103 PSD a ob\u0163inut un scor &#8220;extraordinar&#8221; la alegerile parlamentare, iar dac\u0103 oamenii vor eficien\u0163\u0103, atunci &#8220;\u015feful partidului e \u015fi \u015feful Guvernului&#8221;, f\u0103c\u00e2nd referire la Liviu Dragnea.<\/p>\n<p>Chestionat cum vede rezultatul alegerilor parlamentare, Victor Ponta a spus c\u0103 este &#8220;extraordinar de bun&#8221;.<\/p>\n<p>&#8220;Extraordinar de bun pentru PSD, dar \u015fi pentru poporul rom\u00e2n cred c\u0103 este un rezultat foarte bun. Cred c\u0103 cei care ne-au numit pe to\u0163i mocirl\u0103, c\u0103 nu era vorba doar de cei de la Antena 3, era vorba de to\u0163i cei care \u00eendr\u0103znim s\u0103 g\u00e2ndim altfel \u015fi s\u0103 nu ne supunem directivelor \u015fefilor domnilor Iohannis, Ciolo\u015f. Noi to\u0163i \u0103\u015ftia am fost mult mai mul\u0163i dec\u00e2t ai lor&#8221;, a afirmat fostul premier.<\/p>\n<p>\u00centrebat \u00een continuare dac\u0103 Liviu Dragnea ar putea fi propunerea PSD de prim-ministrul, Victor Ponta a sus\u0163inut c\u0103 &#8220;\u015feful partidului e \u015fi \u015feful Guvernului&#8221;.<\/p>\n<p>&#8220;Eu am spus un lucru bazat pe experien\u0163a pe care am avut-o \u00een cele trei guverne: dac\u0103 vre\u0163i eficien\u0163\u0103 \u015fi vre\u0163i s\u0103 facem treab\u0103, \u015feful partidului e \u015fi \u015feful guvernului. Dac\u0103 vre\u0163i s\u0103 ne cert\u0103m, ne cert\u0103m cum a fost cu Ciolo\u015f \u015fi cu to\u0163i ceilal\u0163i&#8221;, a r\u0103spuns Victor Ponta.<\/p>\n<p>\u015ei vicepre\u015fedintele PSD Ecaterina Andronescu a afirmat c\u0103 Liviu Dragnea ar trebui s\u0103 fie premierul PSD. &#8220;Dac\u0103 m\u0103 \u00eentreba\u0163i pe mine da, dar trebuie s\u0103 \u00eel \u00eentreba\u0163i \u015fi pe d\u00e2nsul&#8221;, a afirmat Ecaterina Andronescu.<\/p>\n<p>Primarul sectorului 5, Daniel Florea, a \u0163inut s\u0103 precizeze, la r\u00e2ndul s\u0103u, c\u0103 exist\u0103 posiblitatea ca Liviu Dragnea s\u0103 fie premier. &#8220;E o posibilitate care se contureaz\u0103 din ce \u00een ce mai pregnant&#8221;, a men\u0163ionat Daniel Florea.\n<\/p><\/div>\n<p> Source URL: https:\/\/observatornews.ro\/politic\/rezultate-alegeri-victor-ponta-psd-a-obtinut-un-scor-extraordinar-seful-partidului-trebuie-sa-fie-si-seful-guvernului-192217.html<\/p>\n","protected":false},"excerpt":{"rendered":"<p>Fostul premier Victor Ponta a declarat, duminic\u0103 sear\u0103, c\u0103 PSD a ob\u0163inut un scor &#8220;extraordinar&#8221; la alegerile parlamentare, iar dac\u0103 oamenii vor eficien\u0163\u0103, atunci &#8220;\u015feful partidului e \u015fi \u015feful Guvernului&#8221;, f\u0103c\u00e2nd referire la Liviu Dragnea. Fostul premier Victor Ponta a declarat, duminic\u0103 sear\u0103, c\u0103 PSD a ob\u0163inut un scor &#8220;extraordinar&#8221; la alegerile parlamentare, iar dac\u0103 [&hellip;]<\/p>\n","protected":false},"author":1,"featured_media":369874,"comment_status":"open","ping_status":"","sticky":false,"template":"","format":"standard","meta":{"footnotes":""},"categories":[2],"tags":[30],"class_list":["post-369873","post","type-post","status-publish","format-standard","has-post-thumbnail","hentry","category-politics","tag-observatornews-ro"],"_links":{"self":[{"href":"https:\/\/analyse.optim.biz\/index.php?rest_route=\/wp\/v2\/posts\/369873","targetHints":{"allow":["GET"]}}],"collection":[{"href":"https:\/\/analyse.optim.biz\/index.php?rest_route=\/wp\/v2\/posts"}],"about":[{"href":"https:\/\/analyse.optim.biz\/index.php?rest_route=\/wp\/v2\/types\/post"}],"author":[{"embeddable":true,"href":"https:\/\/analyse.optim.biz\/index.php?rest_route=\/wp\/v2\/users\/1"}],"replies":[{"embeddable":true,"href":"https:\/\/analyse.optim.biz\/index.php?rest_route=%2Fwp%2Fv2%2Fcomments&post=369873"}],"version-history":[{"count":0,"href":"https:\/\/analyse.optim.biz\/index.php?rest_route=\/wp\/v2\/posts\/369873\/revisions"}],"wp:featuredmedia":[{"embeddable":true,"href":"https:\/\/analyse.optim.biz\/index.php?rest_route=\/wp\/v2\/media\/369874"}],"wp:attachment":[{"href":"https:\/\/analyse.optim.biz\/index.php?rest_route=%2Fwp%2Fv2%2Fmedia&parent=369873"}],"wp:term":[{"taxonomy":"category","embeddable":true,"href":"https:\/\/analyse.optim.biz\/index.php?rest_route=%2Fwp%2Fv2%2Fcategories&post=369873"},{"taxonomy":"post_tag","embeddable":true,"href":"https:\/\/analyse.optim.biz\/index.php?rest_route=%2Fwp%2Fv2%2Ftags&post=369873"}],"curies":[{"name":"wp","href":"https:\/\/api.w.org\/{rel}","templated":true}]}}