{"id":369400,"date":"2016-12-21T13:02:00","date_gmt":"2016-12-21T10:02:00","guid":{"rendered":"https:\/\/analyse.optim.biz\/?p=369400"},"modified":"2016-12-21T13:02:00","modified_gmt":"2016-12-21T10:02:00","slug":"mama-social-democratei-sevil-shhaideh-nu-si-vrea-fiica-premier","status":"publish","type":"post","link":"https:\/\/analyse.optim.biz\/?p=369400","title":{"rendered":"Mama social-democratei Sevil Shhaideh nu-\u015fi vrea fiica Premier"},"content":{"rendered":"<div class=\"description\" data-key=\"description\">Muezel Geambec, mama lui Sevil Shhaideh, nu e de acord cu propunerea \u00eenaintat\u0103 de PSD, ca fiica ei s\u0103 fie viitorul Prim Ministru. Femeia spune c\u0103 Shhaideh ar trebui s\u0103 aib\u0103 alte planuri.<\/div>\n<div class=\"articleBody\" data-key=\"articleBody\">Muezel Geambec, mama lui Sevil Shhaideh, nu e de acord cu propunerea \u00eenaintat\u0103 de PSD, ca fiica ei s\u0103 fie viitorul Prim Ministru. Femeia spune c\u0103 Shhaideh ar trebui s\u0103 aib\u0103 alte planuri.<\/p>\n<p>Mama social-democratei Sevil Shhaideh nu pare deloc \u00eenc\u00e2ntat\u0103 c\u0103 propunerea de Premier, anun\u0163at\u0103 de \u015feful PSD, Liviu Dragnea, e chiar fiica ei. Muezel Geambec e \u00eengrijorat\u0103 de starea s\u0103n\u0103t\u0103\u0163ii lui Shhaideh, care s-ar putea agrava din cauza responsabilit\u0103\u0163ilor mari pe care le va avea \u00een fotoliul de Prim-Ministru. Sevil Shhaideh ar urma un tratament riguros pentru diabet.<\/p>\n<p>&#8220;Ar trebui s\u0103-\u015fi vad\u0103 de s\u0103n\u0103tatea ei, nu s\u0103 accepte o asemenea func\u0163ie&#8221;, a spus mama lui Shhaideh.\n<\/p><\/div>\n<p> Source URL: https:\/\/observatornews.ro\/politic\/mama-socialdemocratei-sevil-shhaideh-nusi-vrea-fiica-premier-193151.html<\/p>\n","protected":false},"excerpt":{"rendered":"<p>Muezel Geambec, mama lui Sevil Shhaideh, nu e de acord cu propunerea \u00eenaintat\u0103 de PSD, ca fiica ei s\u0103 fie viitorul Prim Ministru. Femeia spune c\u0103 Shhaideh ar trebui s\u0103 aib\u0103 alte planuri. Muezel Geambec, mama lui Sevil Shhaideh, nu e de acord cu propunerea \u00eenaintat\u0103 de PSD, ca fiica ei s\u0103 fie viitorul Prim [&hellip;]<\/p>\n","protected":false},"author":1,"featured_media":0,"comment_status":"open","ping_status":"","sticky":false,"template":"","format":"standard","meta":{"footnotes":""},"categories":[2],"tags":[30],"class_list":["post-369400","post","type-post","status-publish","format-standard","hentry","category-politics","tag-observatornews-ro"],"_links":{"self":[{"href":"https:\/\/analyse.optim.biz\/index.php?rest_route=\/wp\/v2\/posts\/369400","targetHints":{"allow":["GET"]}}],"collection":[{"href":"https:\/\/analyse.optim.biz\/index.php?rest_route=\/wp\/v2\/posts"}],"about":[{"href":"https:\/\/analyse.optim.biz\/index.php?rest_route=\/wp\/v2\/types\/post"}],"author":[{"embeddable":true,"href":"https:\/\/analyse.optim.biz\/index.php?rest_route=\/wp\/v2\/users\/1"}],"replies":[{"embeddable":true,"href":"https:\/\/analyse.optim.biz\/index.php?rest_route=%2Fwp%2Fv2%2Fcomments&post=369400"}],"version-history":[{"count":0,"href":"https:\/\/analyse.optim.biz\/index.php?rest_route=\/wp\/v2\/posts\/369400\/revisions"}],"wp:attachment":[{"href":"https:\/\/analyse.optim.biz\/index.php?rest_route=%2Fwp%2Fv2%2Fmedia&parent=369400"}],"wp:term":[{"taxonomy":"category","embeddable":true,"href":"https:\/\/analyse.optim.biz\/index.php?rest_route=%2Fwp%2Fv2%2Fcategories&post=369400"},{"taxonomy":"post_tag","embeddable":true,"href":"https:\/\/analyse.optim.biz\/index.php?rest_route=%2Fwp%2Fv2%2Ftags&post=369400"}],"curies":[{"name":"wp","href":"https:\/\/api.w.org\/{rel}","templated":true}]}}