{"id":369184,"date":"2016-12-28T11:17:27","date_gmt":"2016-12-28T08:17:27","guid":{"rendered":"https:\/\/analyse.optim.biz\/?p=369184"},"modified":"2016-12-28T11:17:27","modified_gmt":"2016-12-28T08:17:27","slug":"ciolos-mai-ramane-la-palatul-victoria-pana-in-2017","status":"publish","type":"post","link":"https:\/\/analyse.optim.biz\/?p=369184","title":{"rendered":"Ciolo\u0219 mai r\u0103m\u00e2ne la Palatul Victoria p\u00e2n\u0103 \u00een 2017"},"content":{"rendered":"<div class=\"description\" data-key=\"description\">\u00cen contextul \u00een care Iohannis n-a acceptat-o pe Sevil Shhaideh ca premier, Dacian Ciolo\u015f a mai c\u00e2\u015ftigat astfel c\u00e2teva zile la Palatul Victoria! \u015ei-a programat deja urm\u0103toarea \u015fedin\u0163\u0103 de Guvern pentru m\u00e2ine.<\/div>\n<div class=\"articleBody\" data-key=\"articleBody\">\u00cen contextul \u00een care Iohannis n-a acceptat-o pe Sevil Shhaideh ca premier, Dacian Ciolo\u015f a mai c\u00e2\u015ftigat astfel c\u00e2teva zile la Palatul Victoria! \u015ei-a programat deja urm\u0103toarea \u015fedin\u0163\u0103 de Guvern pentru m\u00e2ine.\n<\/div>\n<p> Source URL: https:\/\/observatornews.ro\/politic\/ciolos-mai-ramane-la-palatul-victoria-pana-in-2017-193779.html<\/p>\n","protected":false},"excerpt":{"rendered":"<p>\u00cen contextul \u00een care Iohannis n-a acceptat-o pe Sevil Shhaideh ca premier, Dacian Ciolo\u015f a mai c\u00e2\u015ftigat astfel c\u00e2teva zile la Palatul Victoria! \u015ei-a programat deja urm\u0103toarea \u015fedin\u0163\u0103 de Guvern pentru m\u00e2ine. \u00cen contextul \u00een care Iohannis n-a acceptat-o pe Sevil Shhaideh ca premier, Dacian Ciolo\u015f a mai c\u00e2\u015ftigat astfel c\u00e2teva zile la Palatul Victoria! [&hellip;]<\/p>\n","protected":false},"author":1,"featured_media":369185,"comment_status":"open","ping_status":"","sticky":false,"template":"","format":"standard","meta":{"footnotes":""},"categories":[2],"tags":[30],"class_list":["post-369184","post","type-post","status-publish","format-standard","has-post-thumbnail","hentry","category-politics","tag-observatornews-ro"],"_links":{"self":[{"href":"https:\/\/analyse.optim.biz\/index.php?rest_route=\/wp\/v2\/posts\/369184","targetHints":{"allow":["GET"]}}],"collection":[{"href":"https:\/\/analyse.optim.biz\/index.php?rest_route=\/wp\/v2\/posts"}],"about":[{"href":"https:\/\/analyse.optim.biz\/index.php?rest_route=\/wp\/v2\/types\/post"}],"author":[{"embeddable":true,"href":"https:\/\/analyse.optim.biz\/index.php?rest_route=\/wp\/v2\/users\/1"}],"replies":[{"embeddable":true,"href":"https:\/\/analyse.optim.biz\/index.php?rest_route=%2Fwp%2Fv2%2Fcomments&post=369184"}],"version-history":[{"count":0,"href":"https:\/\/analyse.optim.biz\/index.php?rest_route=\/wp\/v2\/posts\/369184\/revisions"}],"wp:featuredmedia":[{"embeddable":true,"href":"https:\/\/analyse.optim.biz\/index.php?rest_route=\/wp\/v2\/media\/369185"}],"wp:attachment":[{"href":"https:\/\/analyse.optim.biz\/index.php?rest_route=%2Fwp%2Fv2%2Fmedia&parent=369184"}],"wp:term":[{"taxonomy":"category","embeddable":true,"href":"https:\/\/analyse.optim.biz\/index.php?rest_route=%2Fwp%2Fv2%2Fcategories&post=369184"},{"taxonomy":"post_tag","embeddable":true,"href":"https:\/\/analyse.optim.biz\/index.php?rest_route=%2Fwp%2Fv2%2Ftags&post=369184"}],"curies":[{"name":"wp","href":"https:\/\/api.w.org\/{rel}","templated":true}]}}