{"id":369141,"date":"2016-12-28T16:02:00","date_gmt":"2016-12-28T13:02:00","guid":{"rendered":"https:\/\/analyse.optim.biz\/?p=369141"},"modified":"2016-12-28T16:02:00","modified_gmt":"2016-12-28T13:02:00","slug":"declaratia-lui-liviu-dragnea-prin-care-l-a-propus-premier-pe-sorin-grindeanu","status":"publish","type":"post","link":"https:\/\/analyse.optim.biz\/?p=369141","title":{"rendered":"Declara\u0163ia lui Liviu Dragnea, prin care l-a propus Premier pe Sorin Grindeanu"},"content":{"rendered":"<div class=\"description\" data-key=\"description\">Liviu Dragnea l-a propus Premer din partea PSD pe Sorin Grindeanu. Decizia a fost anun\u0163at\u0103 \u00eentr-o conferin\u0163\u0103 de pres\u0103, dup\u0103 \u015fedin\u0163a PSD.<\/div>\n<div class=\"articleBody\" data-key=\"articleBody\">Liviu Dragnea l-a propus Premer din partea PSD pe Sorin Grindeanu. Decizia a fost anun\u0163at\u0103 \u00eentr-o conferin\u0163\u0103 de pres\u0103, dup\u0103 \u015fedin\u0163a PSD.<\/p>\n<p>Iat\u0103 ce a declarat Liviu Dragnea:<\/p>\n<p>&#8220;Am avut o discu\u0163ie profund\u0103 \u00een Comitetul Executiv Na\u0163ional, i-am rugat pe colegii mei s\u0103 \u00ee\u015fi spun\u0103 punctul de vedere, bazat \u015fi pe discu\u0163iile pe care le-au avut \u00een teritoriu. A fost un curent, mii de mesaje primite s\u0103 trecem la suspendarea pre\u015fedintelui. Avem o arm\u0103 foarte puternic\u0103, o for\u0163\u0103 foarte puternic\u0103, legitim\u0103, majoritatea \u00een Parlament. Nu suntem iresponsobili s\u0103 folosim aceast\u0103 for\u0163\u0103 pentru a face r\u0103u. Da, putem \u00eencepe suspendarea chiar de m\u00e2ine. Am discutat despre ce avem de f\u0103cut.\u00a0<\/p>\n<p>Am discutat dac\u0103 s\u0103 trecem la suspendare, s\u0103 mergem pe varianta Sevil Shhaideh, sau alt\u0103 propunere. Eu am avut \u00een minte p\u00e2n\u0103 azi noapte varianta Sevil Shhaideh. C\u00e2nd am avut o discu\u0163ie cu doamna Shhaideh, care mi-a spus c\u0103 dup\u0103 anun\u0163ul pre\u015fedintelui de ieri a \u00eenceput s\u0103 primeasc\u0103 foarte multe amenin\u0163\u0103ri cu moartea. \u015ei ea, \u015fi so\u0163ul \u015fi copiii. Le este fric\u0103 s\u0103 ias\u0103 din cas\u0103. Mi-a spus c\u0103 nu mi poate merge \u00eenainte \u00een acest r\u0103zboi pe care nu-l poate duce. Mi-a spus c\u0103 tot ce a ap\u0103rut n pres\u0103 sunt numai inven\u0163ii. Mai devreme sau mai t\u00e2rziu, cei care au declan\u015fat \u015fi au sus\u0163inut aceast\u0103 campanie vor da socoteal\u0103.<\/p>\n<p>Nu mai putem men\u0163ine propunerea ini\u0163ial\u0103. \u00cemi pare r\u0103u, rom\u00e2nii puteau vedea ce presta\u0163ie putea avea acest om.<\/p>\n<p>Din partea colegilor mei a ap\u0103rut a doua propunere, s\u0103 fiu eu. Numai c\u0103 eu am spus ceva \u00een campanie, c\u0103 nu vreau s\u0103 ob\u0163in o func\u0163ie for\u0163\u00e2nd o lege. A trebuit s\u0103 g\u0103sim o solu\u0163ie cu un coleg care este loial programului de guvernare \u015fi partidului. Care are capacitatea s\u0103 \u00een\u0163eleag\u0103 c\u0103 acel program de guvernare e \u00eendreptat c\u0103tre rom\u00e2ni.<\/p>\n<p>Decizia mea a fost s\u0103 alegem bun\u0103starea pentru rom\u00e2ni, mai mul\u0163i bani \u00een buzunarele lor, libertatea, dreptul de a avea un sistem de s\u0103n\u0103tate bun. Dreptul de a avea o via\u0163\u0103 mai bun\u0103. Am ales s\u0103 nu arunc\u0103m \u0163ara \u00eentr-o criz\u0103 politic\u0103.<\/p>\n<p>Am propus colegilor mei, dup\u0103 ce m-am consultat cu domnul T\u0103riceanu, ca propunerea noastr\u0103 s\u0103 fie Sorin Grindeanu. Din c\u00e2te \u015ftiu eu, nu e agent Hezbollah, nu e agent Hamas&#8230;&#8221;\n<\/p><\/div>\n<p> Source URL: https:\/\/observatornews.ro\/politic\/declaratia-lui-liviu-dragnea-prin-care-la-propus-premier-pe-sorin-grindeanu-193820.html<\/p>\n","protected":false},"excerpt":{"rendered":"<p>Liviu Dragnea l-a propus Premer din partea PSD pe Sorin Grindeanu. Decizia a fost anun\u0163at\u0103 \u00eentr-o conferin\u0163\u0103 de pres\u0103, dup\u0103 \u015fedin\u0163a PSD. Liviu Dragnea l-a propus Premer din partea PSD pe Sorin Grindeanu. Decizia a fost anun\u0163at\u0103 \u00eentr-o conferin\u0163\u0103 de pres\u0103, dup\u0103 \u015fedin\u0163a PSD. Iat\u0103 ce a declarat Liviu Dragnea: &#8220;Am avut o discu\u0163ie profund\u0103 [&hellip;]<\/p>\n","protected":false},"author":1,"featured_media":369142,"comment_status":"open","ping_status":"","sticky":false,"template":"","format":"standard","meta":{"footnotes":""},"categories":[2],"tags":[30],"class_list":["post-369141","post","type-post","status-publish","format-standard","has-post-thumbnail","hentry","category-politics","tag-observatornews-ro"],"_links":{"self":[{"href":"https:\/\/analyse.optim.biz\/index.php?rest_route=\/wp\/v2\/posts\/369141","targetHints":{"allow":["GET"]}}],"collection":[{"href":"https:\/\/analyse.optim.biz\/index.php?rest_route=\/wp\/v2\/posts"}],"about":[{"href":"https:\/\/analyse.optim.biz\/index.php?rest_route=\/wp\/v2\/types\/post"}],"author":[{"embeddable":true,"href":"https:\/\/analyse.optim.biz\/index.php?rest_route=\/wp\/v2\/users\/1"}],"replies":[{"embeddable":true,"href":"https:\/\/analyse.optim.biz\/index.php?rest_route=%2Fwp%2Fv2%2Fcomments&post=369141"}],"version-history":[{"count":0,"href":"https:\/\/analyse.optim.biz\/index.php?rest_route=\/wp\/v2\/posts\/369141\/revisions"}],"wp:featuredmedia":[{"embeddable":true,"href":"https:\/\/analyse.optim.biz\/index.php?rest_route=\/wp\/v2\/media\/369142"}],"wp:attachment":[{"href":"https:\/\/analyse.optim.biz\/index.php?rest_route=%2Fwp%2Fv2%2Fmedia&parent=369141"}],"wp:term":[{"taxonomy":"category","embeddable":true,"href":"https:\/\/analyse.optim.biz\/index.php?rest_route=%2Fwp%2Fv2%2Fcategories&post=369141"},{"taxonomy":"post_tag","embeddable":true,"href":"https:\/\/analyse.optim.biz\/index.php?rest_route=%2Fwp%2Fv2%2Ftags&post=369141"}],"curies":[{"name":"wp","href":"https:\/\/api.w.org\/{rel}","templated":true}]}}