{"id":369107,"date":"2016-12-28T16:06:00","date_gmt":"2016-12-28T13:06:00","guid":{"rendered":"https:\/\/analyse.optim.biz\/?p=369107"},"modified":"2016-12-28T16:06:00","modified_gmt":"2016-12-28T13:06:00","slug":"ce-a-declarat-sorin-grindeanu-dupa-ce-psd-l-a-propus-premier","status":"publish","type":"post","link":"https:\/\/analyse.optim.biz\/?p=369107","title":{"rendered":"Ce a declarat Sorin Grindeanu dup\u0103 ce PSD l-a propus Premier"},"content":{"rendered":"<div class=\"description\" data-key=\"description\">Sorin Grindeanu e noua propunere a PSD pentru postul de Premier. A fost anun\u0163at de Liviu Dragnea, \u00eentr-o conferin\u0163\u0103 de pres\u0103. Grindeanu a luat \u015fi el cuv\u00e2ntul.<\/div>\n<div class=\"articleBody\" data-key=\"articleBody\">Sorin Grindeanu e noua propunere a PSD pentru postul de Premier. A fost anun\u0163at de Liviu Dragnea, \u00eentr-o conferin\u0163\u0103 de pres\u0103. Grindeanu a luat \u015fi el cuv\u00e2ntul.<\/p>\n<p>&#8220;Mul\u0163umesc colegilor mei pentru votul din Comitetul Executiv. E o mare responsabilitate. Am avut o rug\u0103minte \u00een fa\u0163a colegilor, o rug\u0103minte fa\u0163\u0103 de domnul Liviu Dragnea, de a-mi fi al\u0103turi, fiind cel care a coordonat echipa \u015fi cel care a f\u0103cut acest program de guvernare, pentru a ajuta la implementarea acestuia. E simplu, fiind un program clar, pe etape, dar e \u015fi complicat, fiind un program complex&#8221;, a declarat Sorin Grindeanu.\n<\/p><\/div>\n<p> Source URL: https:\/\/observatornews.ro\/politic\/ce-a-declarat-sorin-grindeanu-dupa-ce-psd-la-propus-premier-193821.html<\/p>\n","protected":false},"excerpt":{"rendered":"<p>Sorin Grindeanu e noua propunere a PSD pentru postul de Premier. A fost anun\u0163at de Liviu Dragnea, \u00eentr-o conferin\u0163\u0103 de pres\u0103. Grindeanu a luat \u015fi el cuv\u00e2ntul. Sorin Grindeanu e noua propunere a PSD pentru postul de Premier. A fost anun\u0163at de Liviu Dragnea, \u00eentr-o conferin\u0163\u0103 de pres\u0103. Grindeanu a luat \u015fi el cuv\u00e2ntul. &#8220;Mul\u0163umesc [&hellip;]<\/p>\n","protected":false},"author":1,"featured_media":0,"comment_status":"open","ping_status":"","sticky":false,"template":"","format":"standard","meta":{"footnotes":""},"categories":[2],"tags":[30],"class_list":["post-369107","post","type-post","status-publish","format-standard","hentry","category-politics","tag-observatornews-ro"],"_links":{"self":[{"href":"https:\/\/analyse.optim.biz\/index.php?rest_route=\/wp\/v2\/posts\/369107","targetHints":{"allow":["GET"]}}],"collection":[{"href":"https:\/\/analyse.optim.biz\/index.php?rest_route=\/wp\/v2\/posts"}],"about":[{"href":"https:\/\/analyse.optim.biz\/index.php?rest_route=\/wp\/v2\/types\/post"}],"author":[{"embeddable":true,"href":"https:\/\/analyse.optim.biz\/index.php?rest_route=\/wp\/v2\/users\/1"}],"replies":[{"embeddable":true,"href":"https:\/\/analyse.optim.biz\/index.php?rest_route=%2Fwp%2Fv2%2Fcomments&post=369107"}],"version-history":[{"count":0,"href":"https:\/\/analyse.optim.biz\/index.php?rest_route=\/wp\/v2\/posts\/369107\/revisions"}],"wp:attachment":[{"href":"https:\/\/analyse.optim.biz\/index.php?rest_route=%2Fwp%2Fv2%2Fmedia&parent=369107"}],"wp:term":[{"taxonomy":"category","embeddable":true,"href":"https:\/\/analyse.optim.biz\/index.php?rest_route=%2Fwp%2Fv2%2Fcategories&post=369107"},{"taxonomy":"post_tag","embeddable":true,"href":"https:\/\/analyse.optim.biz\/index.php?rest_route=%2Fwp%2Fv2%2Ftags&post=369107"}],"curies":[{"name":"wp","href":"https:\/\/api.w.org\/{rel}","templated":true}]}}