{"id":369106,"date":"2016-12-28T16:22:00","date_gmt":"2016-12-28T13:22:00","guid":{"rendered":"https:\/\/analyse.optim.biz\/?p=369106"},"modified":"2016-12-28T16:22:00","modified_gmt":"2016-12-28T13:22:00","slug":"ca-n-politica-acum-6-zile-sorin-grindeanu-spunea-ca-nu-vrea-sa-faca-parte-din-guvern","status":"publish","type":"post","link":"https:\/\/analyse.optim.biz\/?p=369106","title":{"rendered":"Ca-n politic\u0103: Acum 6 zile, Sorin Grindeanu spunea c\u0103 nu vrea s\u0103 fac\u0103 parte din Guvern"},"content":{"rendered":"<div class=\"description\" data-key=\"description\">Sorin Grindeanu, noua propunere de Premier PSD-ului spunea \u00een urm\u0103 cu 6 zile c\u0103 nu-l intereseaz\u0103 o func\u0163ie \u00een Guvern. A dezv\u0103luit asta \u00eentr-o postare pe Facebook.<\/div>\n<div class=\"articleBody\" data-key=\"articleBody\">Sorin Grindeanu, noua propunere de Premier PSD-ului spunea \u00een urm\u0103 cu 6 zile c\u0103 nu-l intereseaz\u0103 o func\u0163ie \u00een Guvern. A dezv\u0103luit asta \u00eentr-o postare pe Facebook.<\/p>\n<p>Pe 22 decembrie, pe Facebook, Sorin Grindeanu dezmin\u0163ea orice nominalizare a sa \u00een Guvern. E adev\u0103rat, ca ministru, nu ca Premier. Atunci, Grindeanu spunea c\u0103 e interesat s\u0103-\u015fi duc\u0103 la bun sf\u00e2r\u015fit mandatul de Pre\u015fedinte al Consiliului Jude\u0163ean Timi\u015f.<\/p>\n<p>&#8220;Specula\u021biile legate de o posibil\u0103 numire a mea ca ministru \u00een viitorul Guvern nu au corespondent \u00een realitate. Am spus-o \u00een nenum\u0103rate r\u00e2nduri, am repetat-o ast\u0103zi \u00een cadrul unei conferin\u021be de pres\u0103: am fost ales de timi\u0219eni pentru a fi pre\u0219edinte al Consiliului Jude\u021bean \u0219i \u00eemi voi duce mandatul la final&#8221;, a spus Grindeanu, pe 22 decembrie.<\/p>\n<p>INFORMARESet\u0103rile tale privind cookie-urile nu permit afi\u0219area con\u021binutului din aceast\u0103 zon\u0103. E necesar s\u0103 accep\u021bi cookie-urile social media pentru afisarea acestui tip de con\u021binut. Modific\u0103 set\u0103rile\n<\/p><\/div>\n<p> Source URL: https:\/\/observatornews.ro\/politic\/can-politica-acum-6-zile-sorin-grindeanu-spunea-ca-nu-vrea-sa-faca-parte-din-guvern-193822.html<\/p>\n","protected":false},"excerpt":{"rendered":"<p>Sorin Grindeanu, noua propunere de Premier PSD-ului spunea \u00een urm\u0103 cu 6 zile c\u0103 nu-l intereseaz\u0103 o func\u0163ie \u00een Guvern. A dezv\u0103luit asta \u00eentr-o postare pe Facebook. Sorin Grindeanu, noua propunere de Premier PSD-ului spunea \u00een urm\u0103 cu 6 zile c\u0103 nu-l intereseaz\u0103 o func\u0163ie \u00een Guvern. A dezv\u0103luit asta \u00eentr-o postare pe Facebook. Pe [&hellip;]<\/p>\n","protected":false},"author":1,"featured_media":0,"comment_status":"open","ping_status":"","sticky":false,"template":"","format":"standard","meta":{"footnotes":""},"categories":[2],"tags":[30],"class_list":["post-369106","post","type-post","status-publish","format-standard","hentry","category-politics","tag-observatornews-ro"],"_links":{"self":[{"href":"https:\/\/analyse.optim.biz\/index.php?rest_route=\/wp\/v2\/posts\/369106","targetHints":{"allow":["GET"]}}],"collection":[{"href":"https:\/\/analyse.optim.biz\/index.php?rest_route=\/wp\/v2\/posts"}],"about":[{"href":"https:\/\/analyse.optim.biz\/index.php?rest_route=\/wp\/v2\/types\/post"}],"author":[{"embeddable":true,"href":"https:\/\/analyse.optim.biz\/index.php?rest_route=\/wp\/v2\/users\/1"}],"replies":[{"embeddable":true,"href":"https:\/\/analyse.optim.biz\/index.php?rest_route=%2Fwp%2Fv2%2Fcomments&post=369106"}],"version-history":[{"count":0,"href":"https:\/\/analyse.optim.biz\/index.php?rest_route=\/wp\/v2\/posts\/369106\/revisions"}],"wp:attachment":[{"href":"https:\/\/analyse.optim.biz\/index.php?rest_route=%2Fwp%2Fv2%2Fmedia&parent=369106"}],"wp:term":[{"taxonomy":"category","embeddable":true,"href":"https:\/\/analyse.optim.biz\/index.php?rest_route=%2Fwp%2Fv2%2Fcategories&post=369106"},{"taxonomy":"post_tag","embeddable":true,"href":"https:\/\/analyse.optim.biz\/index.php?rest_route=%2Fwp%2Fv2%2Ftags&post=369106"}],"curies":[{"name":"wp","href":"https:\/\/api.w.org\/{rel}","templated":true}]}}