{"id":369105,"date":"2016-12-28T16:48:00","date_gmt":"2016-12-28T13:48:00","guid":{"rendered":"https:\/\/analyse.optim.biz\/?p=369105"},"modified":"2016-12-28T16:48:00","modified_gmt":"2016-12-28T13:48:00","slug":"ce-avere-are-sorin-grindeanu","status":"publish","type":"post","link":"https:\/\/analyse.optim.biz\/?p=369105","title":{"rendered":"Ce avere are Sorin Grindeanu"},"content":{"rendered":"<div class=\"description\" data-key=\"description\">\u00cen declara\u0163ia sa de avere din 2016, Sorin Grindeanu spune c\u0103 are 3 terenuri intravilane, o cas\u0103 de 200 de metri p\u0103tra\u0163i. Ca autovehicule, are un ATV vechi de 7 ani.\u00a0<\/div>\n<div class=\"articleBody\" data-key=\"articleBody\">\u00cen declara\u0163ia sa de avere din 2016, Sorin Grindeanu spune c\u0103 are 3 terenuri intravilane, o cas\u0103 de 200 de metri p\u0103tra\u0163i. Ca autovehicule, are un ATV vechi de 7 ani.<\/p>\n<p>De asemenea, \u00een martie 2016, el a v\u00e2ndut un apartament.\u00a0Are un credit de 44 de mii de euro \u015fi a creditat o firm\u0103 cu din Timi\u015f cu 83 de mii de lei \u015fi cu 20 de mii de Euro.<\/p>\n<p>Declara\u0163ia complet\u0103 de avere a lui Sorin Grindeanu e pe site-ul Camerei Deputa\u0163ilor.\n<\/p><\/div>\n<p> Source URL: https:\/\/observatornews.ro\/politic\/ce-avere-are-sorin-grindeanu-193823.html<\/p>\n","protected":false},"excerpt":{"rendered":"<p>\u00cen declara\u0163ia sa de avere din 2016, Sorin Grindeanu spune c\u0103 are 3 terenuri intravilane, o cas\u0103 de 200 de metri p\u0103tra\u0163i. Ca autovehicule, are un ATV vechi de 7 ani.\u00a0 \u00cen declara\u0163ia sa de avere din 2016, Sorin Grindeanu spune c\u0103 are 3 terenuri intravilane, o cas\u0103 de 200 de metri p\u0103tra\u0163i. Ca autovehicule, [&hellip;]<\/p>\n","protected":false},"author":1,"featured_media":0,"comment_status":"open","ping_status":"","sticky":false,"template":"","format":"standard","meta":{"footnotes":""},"categories":[2],"tags":[30],"class_list":["post-369105","post","type-post","status-publish","format-standard","hentry","category-politics","tag-observatornews-ro"],"_links":{"self":[{"href":"https:\/\/analyse.optim.biz\/index.php?rest_route=\/wp\/v2\/posts\/369105","targetHints":{"allow":["GET"]}}],"collection":[{"href":"https:\/\/analyse.optim.biz\/index.php?rest_route=\/wp\/v2\/posts"}],"about":[{"href":"https:\/\/analyse.optim.biz\/index.php?rest_route=\/wp\/v2\/types\/post"}],"author":[{"embeddable":true,"href":"https:\/\/analyse.optim.biz\/index.php?rest_route=\/wp\/v2\/users\/1"}],"replies":[{"embeddable":true,"href":"https:\/\/analyse.optim.biz\/index.php?rest_route=%2Fwp%2Fv2%2Fcomments&post=369105"}],"version-history":[{"count":0,"href":"https:\/\/analyse.optim.biz\/index.php?rest_route=\/wp\/v2\/posts\/369105\/revisions"}],"wp:attachment":[{"href":"https:\/\/analyse.optim.biz\/index.php?rest_route=%2Fwp%2Fv2%2Fmedia&parent=369105"}],"wp:term":[{"taxonomy":"category","embeddable":true,"href":"https:\/\/analyse.optim.biz\/index.php?rest_route=%2Fwp%2Fv2%2Fcategories&post=369105"},{"taxonomy":"post_tag","embeddable":true,"href":"https:\/\/analyse.optim.biz\/index.php?rest_route=%2Fwp%2Fv2%2Ftags&post=369105"}],"curies":[{"name":"wp","href":"https:\/\/api.w.org\/{rel}","templated":true}]}}