{"id":368942,"date":"2017-01-02T05:54:03","date_gmt":"2017-01-02T02:54:03","guid":{"rendered":"https:\/\/analyse.optim.biz\/?p=368942"},"modified":"2017-01-02T05:54:03","modified_gmt":"2017-01-02T02:54:03","slug":"romanii-au-asteptari-mari-de-la-noul-guvern","status":"publish","type":"post","link":"https:\/\/analyse.optim.biz\/?p=368942","title":{"rendered":"Rom\u00e2nii au a\u015ftept\u0103ri mari de la noul Guvern"},"content":{"rendered":"<div class=\"description\" data-key=\"description\">Rom\u00e2nii au a\u015ftept\u0103ri mari de la noul Guvern. De\u015fi afla\u0163i \u00eenc\u0103 \u00een vacan\u0163\u0103, cei mai mul\u0163i dintre ei nu au uitat c\u0103 &#8211; de mar\u0163i revin la munc\u0103 \u015fi sper\u0103 ca noua majoritate parlamentar\u0103 s\u0103 aduc\u0103 mai mult\u0103 bun\u0103stare \u00een \u0163ar\u0103.<\/div>\n<div class=\"articleBody\" data-key=\"articleBody\">Rom\u00e2nii au a\u015ftept\u0103ri mari de la noul Guvern. De\u015fi afla\u0163i \u00eenc\u0103 \u00een vacan\u0163\u0103, cei mai mul\u0163i dintre ei nu au uitat c\u0103 &#8211; de mar\u0163i revin la munc\u0103 \u015fi sper\u0103 ca noua majoritate parlamentar\u0103 s\u0103 aduc\u0103 mai mult\u0103 bun\u0103stare \u00een \u0163ar\u0103.<\/p>\n<p>Sunt \u00eenc\u0103 cu g\u00e2ndul la distrac\u0163ie, pentru c\u0103 ast\u0103zi este ultima zi din minivacan\u0163\u0103. Dar mul\u0163i dintre rom\u00e2ni \u015ftiu c\u0103 bun\u0103starea lor este \u00een m\u00e2na noului Guvern, care va fi \u00eenvestit peste doar c\u00e2teva zile.<\/p>\n<p>Mar\u0163i, conducerile PSD \u015fi ALDE intr\u0103 \u00een sedin\u0163\u0103 pentru validarea mini\u015ftrilor din viitorul Guvern. Lista va fi depus\u0103 apoi la Parlament, \u00eempreun\u0103 cu programul de guvernare. Miercuri este ziua cea mare pentru mini\u015ftrii propu\u015fi. Ace\u015ftia vor fi audia\u0163i \u00een comisii, iar noul Guvern va primi votul de \u00eencredere \u00een plenul parlamenului. Tot miercuri, premierul Sorin Grindeanu \u015fi mini\u015ftrii din cabinetul s\u0103u vor merge la Controceni pentru depunerea jur\u0103m\u00e2ntului.\n<\/p><\/div>\n<p> Source URL: https:\/\/observatornews.ro\/politic\/romanii-au-asteptari-mari-de-la-noul-guvern-194166.html<\/p>\n","protected":false},"excerpt":{"rendered":"<p>Rom\u00e2nii au a\u015ftept\u0103ri mari de la noul Guvern. De\u015fi afla\u0163i \u00eenc\u0103 \u00een vacan\u0163\u0103, cei mai mul\u0163i dintre ei nu au uitat c\u0103 &#8211; de mar\u0163i revin la munc\u0103 \u015fi sper\u0103 ca noua majoritate parlamentar\u0103 s\u0103 aduc\u0103 mai mult\u0103 bun\u0103stare \u00een \u0163ar\u0103. Rom\u00e2nii au a\u015ftept\u0103ri mari de la noul Guvern. De\u015fi afla\u0163i \u00eenc\u0103 \u00een vacan\u0163\u0103, cei [&hellip;]<\/p>\n","protected":false},"author":1,"featured_media":0,"comment_status":"open","ping_status":"","sticky":false,"template":"","format":"standard","meta":{"footnotes":""},"categories":[2],"tags":[30],"class_list":["post-368942","post","type-post","status-publish","format-standard","hentry","category-politics","tag-observatornews-ro"],"_links":{"self":[{"href":"https:\/\/analyse.optim.biz\/index.php?rest_route=\/wp\/v2\/posts\/368942","targetHints":{"allow":["GET"]}}],"collection":[{"href":"https:\/\/analyse.optim.biz\/index.php?rest_route=\/wp\/v2\/posts"}],"about":[{"href":"https:\/\/analyse.optim.biz\/index.php?rest_route=\/wp\/v2\/types\/post"}],"author":[{"embeddable":true,"href":"https:\/\/analyse.optim.biz\/index.php?rest_route=\/wp\/v2\/users\/1"}],"replies":[{"embeddable":true,"href":"https:\/\/analyse.optim.biz\/index.php?rest_route=%2Fwp%2Fv2%2Fcomments&post=368942"}],"version-history":[{"count":0,"href":"https:\/\/analyse.optim.biz\/index.php?rest_route=\/wp\/v2\/posts\/368942\/revisions"}],"wp:attachment":[{"href":"https:\/\/analyse.optim.biz\/index.php?rest_route=%2Fwp%2Fv2%2Fmedia&parent=368942"}],"wp:term":[{"taxonomy":"category","embeddable":true,"href":"https:\/\/analyse.optim.biz\/index.php?rest_route=%2Fwp%2Fv2%2Fcategories&post=368942"},{"taxonomy":"post_tag","embeddable":true,"href":"https:\/\/analyse.optim.biz\/index.php?rest_route=%2Fwp%2Fv2%2Ftags&post=368942"}],"curies":[{"name":"wp","href":"https:\/\/api.w.org\/{rel}","templated":true}]}}