{"id":368941,"date":"2017-01-02T11:41:18","date_gmt":"2017-01-02T08:41:18","guid":{"rendered":"https:\/\/analyse.optim.biz\/?p=368941"},"modified":"2017-01-02T11:41:18","modified_gmt":"2017-01-02T08:41:18","slug":"premierul-desemnat-sorin-grindeanu-se-pregateste-sa-anunte-componenta-noului-guvern","status":"publish","type":"post","link":"https:\/\/analyse.optim.biz\/?p=368941","title":{"rendered":"Premierul desemnat, Sorin Grindeanu, se preg\u0103te\u015fte s\u0103 anun\u0163e componen\u0163a noului Guvern"},"content":{"rendered":"<div class=\"description\" data-key=\"description\">Premierul desemnat, Sorin Grindeanu, va trebui s\u0103 anun\u0163e c\u00e2t mai repede componen\u0163a noului Guvern. A\u015fa c\u0103, de acas\u0103, de la munte sau de unde sunt \u00een vacan\u0163\u0103, PSD-i\u015ftii \u015fi cei de la ALDE fac calcule \u015fi duc negocieri, prin telefon.<\/div>\n<div class=\"articleBody\" data-key=\"articleBody\">Premierul desemnat, Sorin Grindeanu, va trebui s\u0103 anun\u0163e c\u00e2t mai repede componen\u0163a noului Guvern. A\u015fa c\u0103, de acas\u0103, de la munte sau de unde sunt \u00een vacan\u0163\u0103, PSD-i\u015ftii \u015fi cei de la ALDE fac calcule \u015fi duc negocieri, prin telefon.\n<\/div>\n<p> Source URL: https:\/\/observatornews.ro\/politic\/premierul-desemnat-sorin-grindeanu-se-pregateste-sa-anunte-componenta-noului-guvern-194193.html<\/p>\n","protected":false},"excerpt":{"rendered":"<p>Premierul desemnat, Sorin Grindeanu, va trebui s\u0103 anun\u0163e c\u00e2t mai repede componen\u0163a noului Guvern. A\u015fa c\u0103, de acas\u0103, de la munte sau de unde sunt \u00een vacan\u0163\u0103, PSD-i\u015ftii \u015fi cei de la ALDE fac calcule \u015fi duc negocieri, prin telefon. Premierul desemnat, Sorin Grindeanu, va trebui s\u0103 anun\u0163e c\u00e2t mai repede componen\u0163a noului Guvern. A\u015fa [&hellip;]<\/p>\n","protected":false},"author":1,"featured_media":0,"comment_status":"open","ping_status":"","sticky":false,"template":"","format":"standard","meta":{"footnotes":""},"categories":[2],"tags":[30],"class_list":["post-368941","post","type-post","status-publish","format-standard","hentry","category-politics","tag-observatornews-ro"],"_links":{"self":[{"href":"https:\/\/analyse.optim.biz\/index.php?rest_route=\/wp\/v2\/posts\/368941","targetHints":{"allow":["GET"]}}],"collection":[{"href":"https:\/\/analyse.optim.biz\/index.php?rest_route=\/wp\/v2\/posts"}],"about":[{"href":"https:\/\/analyse.optim.biz\/index.php?rest_route=\/wp\/v2\/types\/post"}],"author":[{"embeddable":true,"href":"https:\/\/analyse.optim.biz\/index.php?rest_route=\/wp\/v2\/users\/1"}],"replies":[{"embeddable":true,"href":"https:\/\/analyse.optim.biz\/index.php?rest_route=%2Fwp%2Fv2%2Fcomments&post=368941"}],"version-history":[{"count":0,"href":"https:\/\/analyse.optim.biz\/index.php?rest_route=\/wp\/v2\/posts\/368941\/revisions"}],"wp:attachment":[{"href":"https:\/\/analyse.optim.biz\/index.php?rest_route=%2Fwp%2Fv2%2Fmedia&parent=368941"}],"wp:term":[{"taxonomy":"category","embeddable":true,"href":"https:\/\/analyse.optim.biz\/index.php?rest_route=%2Fwp%2Fv2%2Fcategories&post=368941"},{"taxonomy":"post_tag","embeddable":true,"href":"https:\/\/analyse.optim.biz\/index.php?rest_route=%2Fwp%2Fv2%2Ftags&post=368941"}],"curies":[{"name":"wp","href":"https:\/\/api.w.org\/{rel}","templated":true}]}}