{"id":368673,"date":"2017-01-04T18:23:00","date_gmt":"2017-01-04T15:23:00","guid":{"rendered":"https:\/\/analyse.optim.biz\/?p=368673"},"modified":"2017-01-04T18:23:00","modified_gmt":"2017-01-04T15:23:00","slug":"video-un-proaspat-ministru-din-guvernul-grindeanu-a-cazut-pe-treptele-palatului-victoria","status":"publish","type":"post","link":"https:\/\/analyse.optim.biz\/?p=368673","title":{"rendered":"VIDEO: un proasp\u0103t ministru din Guvernul Grindeanu A C\u0102ZUT pe treptele Palatului Victoria"},"content":{"rendered":"<div class=\"description\" data-key=\"description\">Abia s-a format Guvernul \u015fi avem deja un ministru picat. Toma Petcu, noul ministru al Energiei, s-a \u00eempiedicat \u015fi a c\u0103zut pe treptele Palatului Victoria.<\/div>\n<div class=\"articleBody\" data-key=\"articleBody\">Abia s-a format Guvernul \u015fi avem deja un ministru picat. Toma Petcu, noul ministru al Energiei, s-a \u00eempiedicat \u015fi a c\u0103zut pe treptele Palatului Victoria.<\/p>\n<p>Scena a fost surprins\u0103 la c\u00e2teva minute dup\u0103 ce Guvernul a depus jur\u0103m\u00e2ntul, \u00een fa\u0163a Pre\u015fedintelui Rom\u00e2niei. De la Cotroceni, mini\u015ftrii s-au dus la Palatul Victoria, unde erau a\u015ftepta\u0163i de fostul Premier Dacian Ciolo\u015f, care urma s\u0103 predea mandatul succesorului Grindeanu.<\/p>\n<p>La urcarea pe treptele sediului guvernului, noul ministru al energiei,\u00a0Toma Petcu a alunecat \u015fi a c\u0103zut. \u015ei-a revenit \u00eens\u0103 rapid \u015fi \u015fi-a continuat drumul, intr\u00e2nd \u00een cl\u0103dire.\n<\/p><\/div>\n<p> Source URL: https:\/\/observatornews.ro\/politic\/video-un-proaspat-ministru-din-guvernul-grindeanu-a-cazut-194432.html<\/p>\n","protected":false},"excerpt":{"rendered":"<p>Abia s-a format Guvernul \u015fi avem deja un ministru picat. Toma Petcu, noul ministru al Energiei, s-a \u00eempiedicat \u015fi a c\u0103zut pe treptele Palatului Victoria. Abia s-a format Guvernul \u015fi avem deja un ministru picat. Toma Petcu, noul ministru al Energiei, s-a \u00eempiedicat \u015fi a c\u0103zut pe treptele Palatului Victoria. Scena a fost surprins\u0103 la [&hellip;]<\/p>\n","protected":false},"author":1,"featured_media":368674,"comment_status":"open","ping_status":"","sticky":false,"template":"","format":"standard","meta":{"footnotes":""},"categories":[2],"tags":[30],"class_list":["post-368673","post","type-post","status-publish","format-standard","has-post-thumbnail","hentry","category-politics","tag-observatornews-ro"],"_links":{"self":[{"href":"https:\/\/analyse.optim.biz\/index.php?rest_route=\/wp\/v2\/posts\/368673","targetHints":{"allow":["GET"]}}],"collection":[{"href":"https:\/\/analyse.optim.biz\/index.php?rest_route=\/wp\/v2\/posts"}],"about":[{"href":"https:\/\/analyse.optim.biz\/index.php?rest_route=\/wp\/v2\/types\/post"}],"author":[{"embeddable":true,"href":"https:\/\/analyse.optim.biz\/index.php?rest_route=\/wp\/v2\/users\/1"}],"replies":[{"embeddable":true,"href":"https:\/\/analyse.optim.biz\/index.php?rest_route=%2Fwp%2Fv2%2Fcomments&post=368673"}],"version-history":[{"count":0,"href":"https:\/\/analyse.optim.biz\/index.php?rest_route=\/wp\/v2\/posts\/368673\/revisions"}],"wp:featuredmedia":[{"embeddable":true,"href":"https:\/\/analyse.optim.biz\/index.php?rest_route=\/wp\/v2\/media\/368674"}],"wp:attachment":[{"href":"https:\/\/analyse.optim.biz\/index.php?rest_route=%2Fwp%2Fv2%2Fmedia&parent=368673"}],"wp:term":[{"taxonomy":"category","embeddable":true,"href":"https:\/\/analyse.optim.biz\/index.php?rest_route=%2Fwp%2Fv2%2Fcategories&post=368673"},{"taxonomy":"post_tag","embeddable":true,"href":"https:\/\/analyse.optim.biz\/index.php?rest_route=%2Fwp%2Fv2%2Ftags&post=368673"}],"curies":[{"name":"wp","href":"https:\/\/api.w.org\/{rel}","templated":true}]}}