{"id":368334,"date":"2017-01-18T05:26:28","date_gmt":"2017-01-18T02:26:28","guid":{"rendered":"https:\/\/analyse.optim.biz\/?p=368334"},"modified":"2017-01-18T05:26:28","modified_gmt":"2017-01-18T02:26:28","slug":"antonio-tajani-noul-presedinte-al-parlamentului-european","status":"publish","type":"post","link":"https:\/\/analyse.optim.biz\/?p=368334","title":{"rendered":"Antonio Tajani, noul pre\u0219edinte al Parlamentului European"},"content":{"rendered":"<div class=\"description\" data-key=\"description\">Dup\u0103 o curs\u0103 str\u00e2ns\u0103 desf\u0103\u015furat\u0103 pe nu mai pu\u0163in de patru runde, Candidatul Partidului Popular European a ob\u0163inut \u00een final 351 de voturi. Este pentru prima dat\u0103 \u00een 33 de ani c\u00e2nd rezultatul votului nu a fost stabilit dinainte, \u00een urma unui acord \u00eentre grup\u0103rile politice de la Strasbourg.<\/div>\n<div class=\"articleBody\" data-key=\"articleBody\">Dup\u0103 o curs\u0103 str\u00e2ns\u0103 desf\u0103\u015furat\u0103 pe nu mai pu\u0163in de patru runde, Candidatul Partidului Popular European a ob\u0163inut \u00een final 351 de voturi. Este pentru prima dat\u0103 \u00een 33 de ani c\u00e2nd rezultatul votului nu a fost stabilit dinainte, \u00een urma unui acord \u00eentre grup\u0103rile politice de la Strasbourg.<\/p>\n<p>Antonio Tajani a c\u00e2\u015ftigat pre\u015fedin\u0163ia Parlamentului European dup\u0103 ce a ob\u0163inut majoritatea voturilor eurodeputa\u0163ilor. Totodat\u0103, el a primit sprijinul grupului ALDE, condus de belgianul Guy Verhofstadt. Contracandidatul lui Tajani, socialistul Gianni Pittella a pierdut scrutinul dup\u0103 ce a ob\u0163inut 282 din voturi.<\/p>\n<p>Cu o experien\u0163\u0103 remarcabil\u0103 \u00een politic\u0103, Tajani a fost vicepre\u0219edinte al Europarlamentului, comisar european pentru Industrie \u0219i Antreprenoriat \u0219i vicepre\u0219edinte al Comisiei Europene.<\/p>\n<p>Tajani a uimit lumea politic\u0103 \u00een 2014. Atunci a refuzat indemniza\u021bia de 13.000 de euro pe lun\u0103 acordat\u0103 de Comisia European\u0103 fo\u0219tilor vice-pre\u0219edin\u021bi ai Comisiei Europene timp de trei ani dup\u0103 \u00eencetarea mandatului. Politicianul italian a spus atunci c\u0103 este o obliga\u021bie moral\u0103 s\u0103 nu accepte ace\u0219ti bani at\u00e2ta vreme c\u00e2t activeaz\u0103 ca euro-parlamentar.\n<\/p><\/div>\n<p> Source URL: https:\/\/observatornews.ro\/politic\/antonio-tajani-noul-presedinte-al-parlamentului-european-196017.html<\/p>\n","protected":false},"excerpt":{"rendered":"<p>Dup\u0103 o curs\u0103 str\u00e2ns\u0103 desf\u0103\u015furat\u0103 pe nu mai pu\u0163in de patru runde, Candidatul Partidului Popular European a ob\u0163inut \u00een final 351 de voturi. Este pentru prima dat\u0103 \u00een 33 de ani c\u00e2nd rezultatul votului nu a fost stabilit dinainte, \u00een urma unui acord \u00eentre grup\u0103rile politice de la Strasbourg. Dup\u0103 o curs\u0103 str\u00e2ns\u0103 desf\u0103\u015furat\u0103 pe [&hellip;]<\/p>\n","protected":false},"author":1,"featured_media":0,"comment_status":"open","ping_status":"","sticky":false,"template":"","format":"standard","meta":{"footnotes":""},"categories":[2],"tags":[30],"class_list":["post-368334","post","type-post","status-publish","format-standard","hentry","category-politics","tag-observatornews-ro"],"_links":{"self":[{"href":"https:\/\/analyse.optim.biz\/index.php?rest_route=\/wp\/v2\/posts\/368334","targetHints":{"allow":["GET"]}}],"collection":[{"href":"https:\/\/analyse.optim.biz\/index.php?rest_route=\/wp\/v2\/posts"}],"about":[{"href":"https:\/\/analyse.optim.biz\/index.php?rest_route=\/wp\/v2\/types\/post"}],"author":[{"embeddable":true,"href":"https:\/\/analyse.optim.biz\/index.php?rest_route=\/wp\/v2\/users\/1"}],"replies":[{"embeddable":true,"href":"https:\/\/analyse.optim.biz\/index.php?rest_route=%2Fwp%2Fv2%2Fcomments&post=368334"}],"version-history":[{"count":0,"href":"https:\/\/analyse.optim.biz\/index.php?rest_route=\/wp\/v2\/posts\/368334\/revisions"}],"wp:attachment":[{"href":"https:\/\/analyse.optim.biz\/index.php?rest_route=%2Fwp%2Fv2%2Fmedia&parent=368334"}],"wp:term":[{"taxonomy":"category","embeddable":true,"href":"https:\/\/analyse.optim.biz\/index.php?rest_route=%2Fwp%2Fv2%2Fcategories&post=368334"},{"taxonomy":"post_tag","embeddable":true,"href":"https:\/\/analyse.optim.biz\/index.php?rest_route=%2Fwp%2Fv2%2Ftags&post=368334"}],"curies":[{"name":"wp","href":"https:\/\/api.w.org\/{rel}","templated":true}]}}