{"id":368298,"date":"2017-01-18T14:28:00","date_gmt":"2017-01-18T11:28:00","guid":{"rendered":"https:\/\/analyse.optim.biz\/?p=368298"},"modified":"2017-01-18T14:28:00","modified_gmt":"2017-01-18T11:28:00","slug":"ordonantele-privind-gratierea-si-modificarea-codului-penal-nu-au-fost-programate-pe-ordinea-de-zi-a-sedintei-de-guvern-de-miercuri","status":"publish","type":"post","link":"https:\/\/analyse.optim.biz\/?p=368298","title":{"rendered":"Ordonan\u021bele privind GRA\u0162IEREA \u0219i modificarea Codului penal NU au fost programate pe ordinea de zi a \u0219edin\u021bei de Guvern de miercuri"},"content":{"rendered":"<div class=\"description\" data-key=\"description\">Proiectele de ordonan\u021be de urgen\u021b\u0103 privind gra\u021bierea \u0219i modificarea Codului penal nu au fost programate pe ordinea de zi a \u0219edin\u021bei de Guvern de miercuri, informeaz\u0103 Ministerul Justi\u021biei.<\/div>\n<div class=\"articleBody\" data-key=\"articleBody\">Proiectele de ordonan\u021be de urgen\u021b\u0103 privind gra\u021bierea \u0219i modificarea Codului penal nu au fost programate pe ordinea de zi a \u0219edin\u021bei de Guvern de miercuri, informeaz\u0103 Ministerul Justi\u021biei.<\/p>\n<p>&#8220;Proiectele de acte normative aflate \u00een discu\u021bie, respectiv Ordonan\u021ba de Urgen\u021b\u0103 pentru modificarea \u0219i completarea Codului Penal \u0219i a Codului de Procedur\u0103 penal\u0103 \u0219i Ordonan\u021ba de Urgen\u021b\u0103 pentru gra\u021bierea unor pedepse, au fost elaborate de Ministerul Justi\u021biei \u0219i transmise tuturor institu\u021biilor cu atribu\u021bii \u00een domeniu, pentru avizare \u0219i\/sau transmiterea de puncte de vedere, urm\u00e2nd ca dup\u0103 parcurgerea acestei etape s\u0103 fie supuse aprob\u0103rii Executivului. Cele dou\u0103 acte normative nu au fost programate pe ordinea de zi a \u0219edin\u021bei de Guvern din data de 18 ianuarie 2017&#8221;, se precizeaz\u0103 \u00een comunicat.<\/p>\n<p>Redactarea celor dou\u0103 proiecte a fost determinat\u0103 de supraaglomerarea penitenciarelor \u0219i de necesitatea implement\u0103rii \u00een legisla\u021bie a unor decizii ale Cur\u021bii Constitu\u021bionale, potrivit aceleia\u015fi surse.<\/p>\n<p>&#8220;Pentru o corect\u0103 informare a opiniei publice, reamintim c\u0103 supra-aglomerarea penitenciarelor \u0219i condi\u021biile inumane de deten\u021bie sunt o problem\u0103 major\u0103 a Rom\u00e2niei. Lipsa unor m\u0103suri imediate, dar \u0219i a unui plan pe termen mediu, conduce deja la plata unor desp\u0103gubiri considerabile c\u0103tre persoanele condamnate, desp\u0103gubiri impuse prin decizii ale Cur\u021bii Europene, dar \u0219i la o foarte posibil\u0103 emitere a unei Decizii Pilot. Totodat\u0103, reamintim c\u0103 deciziile Cur\u021bii Constitu\u021bionale sunt obligatorii, iar nepunerea lor \u00een aplicare conduce la lipsa de previzibilitate \u0219i calitate a normelor penale aflate \u00een vigoare&#8221;, se men\u021bioneaz\u0103 \u00een comunicat.<\/p>\n<p>Potrivit comunicatului, ministrul Justi\u021biei, Florin Iordache, \u00ee\u0219i reafirm\u0103 deschiderea c\u0103tre dialog pe toate subiectele cu impact asupra sistemului judiciar \u0219i respinge categoric afirma\u021biile potrivit c\u0103rora procesul legislativ ar fi lipsit de transparen\u021b\u0103.\n<\/p><\/div>\n<p> Source URL: https:\/\/observatornews.ro\/politic\/ordonantele-privind-gratierea-si-modificarea-codului-penal-nu-au-fost-programate-pe-ordinea-de-zi-a-sedintei-de-guvern-de-miercuri-196089.html<\/p>\n","protected":false},"excerpt":{"rendered":"<p>Proiectele de ordonan\u021be de urgen\u021b\u0103 privind gra\u021bierea \u0219i modificarea Codului penal nu au fost programate pe ordinea de zi a \u0219edin\u021bei de Guvern de miercuri, informeaz\u0103 Ministerul Justi\u021biei. Proiectele de ordonan\u021be de urgen\u021b\u0103 privind gra\u021bierea \u0219i modificarea Codului penal nu au fost programate pe ordinea de zi a \u0219edin\u021bei de Guvern de miercuri, informeaz\u0103 Ministerul [&hellip;]<\/p>\n","protected":false},"author":1,"featured_media":0,"comment_status":"open","ping_status":"","sticky":false,"template":"","format":"standard","meta":{"footnotes":""},"categories":[2],"tags":[30],"class_list":["post-368298","post","type-post","status-publish","format-standard","hentry","category-politics","tag-observatornews-ro"],"_links":{"self":[{"href":"https:\/\/analyse.optim.biz\/index.php?rest_route=\/wp\/v2\/posts\/368298","targetHints":{"allow":["GET"]}}],"collection":[{"href":"https:\/\/analyse.optim.biz\/index.php?rest_route=\/wp\/v2\/posts"}],"about":[{"href":"https:\/\/analyse.optim.biz\/index.php?rest_route=\/wp\/v2\/types\/post"}],"author":[{"embeddable":true,"href":"https:\/\/analyse.optim.biz\/index.php?rest_route=\/wp\/v2\/users\/1"}],"replies":[{"embeddable":true,"href":"https:\/\/analyse.optim.biz\/index.php?rest_route=%2Fwp%2Fv2%2Fcomments&post=368298"}],"version-history":[{"count":0,"href":"https:\/\/analyse.optim.biz\/index.php?rest_route=\/wp\/v2\/posts\/368298\/revisions"}],"wp:attachment":[{"href":"https:\/\/analyse.optim.biz\/index.php?rest_route=%2Fwp%2Fv2%2Fmedia&parent=368298"}],"wp:term":[{"taxonomy":"category","embeddable":true,"href":"https:\/\/analyse.optim.biz\/index.php?rest_route=%2Fwp%2Fv2%2Fcategories&post=368298"},{"taxonomy":"post_tag","embeddable":true,"href":"https:\/\/analyse.optim.biz\/index.php?rest_route=%2Fwp%2Fv2%2Ftags&post=368298"}],"curies":[{"name":"wp","href":"https:\/\/api.w.org\/{rel}","templated":true}]}}